 {"id":1037,"date":"2022-09-13T09:04:34","date_gmt":"2022-09-13T14:04:34","guid":{"rendered":"https:\/\/gmtvlatinos.com\/?p=1037"},"modified":"2022-09-13T09:18:02","modified_gmt":"2022-09-13T14:18:02","slug":"grandioso-concierto-the-garden-show-series-en-orlando","status":"publish","type":"post","link":"https:\/\/gmtvlatinos.com\/index.php\/2022\/09\/13\/grandioso-concierto-the-garden-show-series-en-orlando\/","title":{"rendered":"Grandioso concierto The Garden Show Series en Orlando"},"content":{"rendered":"<p>GMTV Latinos estuvo en el excelente show presentado por Rafael Cavero y Guillermo Roude.<\/p>\n<p>El concierto empez\u00f3 con el buen humor de Rafael y Guillermo dando inicio a una velada con voces y m\u00fasica espectaculares.<\/p>\n<p>Lo primero que llam\u00f3 nuestra atenci\u00f3n fue la cercan\u00eda de los artistas al publico y su autenticidad.<\/p>\n<p>Luego empezamos a escuchar las voces de Guillermo, Rafael y sus coristas. Las coristas dos chicas sopranos con unas voces incre\u00edbles que deleitaron nuestros o\u00eddos. Luego Guillermo en el piano nos mostr\u00f3 su m\u00fasica para cambiar a la guitarra el\u00e9ctrica un par de canciones despu\u00e9s. Rafael por su parte, nos impresion\u00f3 con su voz de tenor fenomenal.<\/p>\n<p>En varias de las canciones el p\u00fablico no aguant\u00f3 la emoci\u00f3n y todos de pi\u00e9 coreando \u00abBravo\u00bb a tan incre\u00edbles voces y m\u00fasica.<\/p>\n<p>En resumen una velada perfecta con artistas de alto nivel, reocmendamos este show con la insignia GMTV!!!!<\/p>\n\n\t\t<style type=\"text\/css\">\n\t\t\t#gallery-1 {\n\t\t\t\tmargin: auto;\n\t\t\t}\n\t\t\t#gallery-1 .gallery-item {\n\t\t\t\tfloat: left;\n\t\t\t\tmargin-top: 10px;\n\t\t\t\ttext-align: center;\n\t\t\t\twidth: 33%;\n\t\t\t}\n\t\t\t#gallery-1 img {\n\t\t\t\tborder: 2px solid #cfcfcf;\n\t\t\t}\n\t\t\t#gallery-1 .gallery-caption {\n\t\t\t\tmargin-left: 0;\n\t\t\t}\n\t\t\t\/* see gallery_shortcode() in wp-includes\/media.php *\/\n\t\t<\/style>\n\t\t<div id='gallery-1' class='gallery galleryid-1037 gallery-columns-3 gallery-size-medium'><dl class='gallery-item'>\n\t\t\t<dt class='gallery-icon landscape'>\n\t\t\t\t<a href='https:\/\/gmtvlatinos.com\/index.php\/2022\/09\/13\/grandioso-concierto-the-garden-show-series-en-orlando\/galo-malavasi-colombia-2022-5821\/'><img loading=\"lazy\" decoding=\"async\" width=\"300\" height=\"200\" src=\"https:\/\/gmtvlatinos.com\/wp-content\/uploads\/2022\/09\/Galo-Malavasi-Colombia-2022-5821-300x200.jpg\" class=\"attachment-medium size-medium\" alt=\"\" srcset=\"https:\/\/gmtvlatinos.com\/wp-content\/uploads\/2022\/09\/Galo-Malavasi-Colombia-2022-5821-300x200.jpg 300w, https:\/\/gmtvlatinos.com\/wp-content\/uploads\/2022\/09\/Galo-Malavasi-Colombia-2022-5821-scaled-600x400.jpg 600w, https:\/\/gmtvlatinos.com\/wp-content\/uploads\/2022\/09\/Galo-Malavasi-Colombia-2022-5821-1024x683.jpg 1024w, https:\/\/gmtvlatinos.com\/wp-content\/uploads\/2022\/09\/Galo-Malavasi-Colombia-2022-5821-768x512.jpg 768w, https:\/\/gmtvlatinos.com\/wp-content\/uploads\/2022\/09\/Galo-Malavasi-Colombia-2022-5821-1536x1024.jpg 1536w, https:\/\/gmtvlatinos.com\/wp-content\/uploads\/2022\/09\/Galo-Malavasi-Colombia-2022-5821-2048x1365.jpg 2048w\" sizes=\"auto, (max-width: 300px) 100vw, 300px\" \/><\/a>\n\t\t\t<\/dt><\/dl><dl class='gallery-item'>\n\t\t\t<dt class='gallery-icon landscape'>\n\t\t\t\t<a href='https:\/\/gmtvlatinos.com\/index.php\/2022\/09\/13\/grandioso-concierto-the-garden-show-series-en-orlando\/galo-malavasi-colombia-2022-5757\/'><img loading=\"lazy\" decoding=\"async\" width=\"300\" height=\"190\" src=\"https:\/\/gmtvlatinos.com\/wp-content\/uploads\/2022\/09\/Galo-Malavasi-Colombia-2022-5757-300x190.jpg\" class=\"attachment-medium size-medium\" alt=\"\" srcset=\"https:\/\/gmtvlatinos.com\/wp-content\/uploads\/2022\/09\/Galo-Malavasi-Colombia-2022-5757-300x190.jpg 300w, https:\/\/gmtvlatinos.com\/wp-content\/uploads\/2022\/09\/Galo-Malavasi-Colombia-2022-5757-scaled-600x381.jpg 600w, https:\/\/gmtvlatinos.com\/wp-content\/uploads\/2022\/09\/Galo-Malavasi-Colombia-2022-5757-1024x650.jpg 1024w, https:\/\/gmtvlatinos.com\/wp-content\/uploads\/2022\/09\/Galo-Malavasi-Colombia-2022-5757-768x487.jpg 768w, https:\/\/gmtvlatinos.com\/wp-content\/uploads\/2022\/09\/Galo-Malavasi-Colombia-2022-5757-1536x974.jpg 1536w, https:\/\/gmtvlatinos.com\/wp-content\/uploads\/2022\/09\/Galo-Malavasi-Colombia-2022-5757-2048x1299.jpg 2048w\" sizes=\"auto, (max-width: 300px) 100vw, 300px\" \/><\/a>\n\t\t\t<\/dt><\/dl><dl class='gallery-item'>\n\t\t\t<dt class='gallery-icon landscape'>\n\t\t\t\t<a href='https:\/\/gmtvlatinos.com\/index.php\/2022\/09\/13\/grandioso-concierto-the-garden-show-series-en-orlando\/galo-malavasi-colombia-2022-5687\/'><img loading=\"lazy\" decoding=\"async\" width=\"300\" height=\"200\" src=\"https:\/\/gmtvlatinos.com\/wp-content\/uploads\/2022\/09\/Galo-Malavasi-Colombia-2022-5687-300x200.jpg\" class=\"attachment-medium size-medium\" alt=\"\" srcset=\"https:\/\/gmtvlatinos.com\/wp-content\/uploads\/2022\/09\/Galo-Malavasi-Colombia-2022-5687-300x200.jpg 300w, https:\/\/gmtvlatinos.com\/wp-content\/uploads\/2022\/09\/Galo-Malavasi-Colombia-2022-5687-scaled-600x400.jpg 600w, https:\/\/gmtvlatinos.com\/wp-content\/uploads\/2022\/09\/Galo-Malavasi-Colombia-2022-5687-1024x683.jpg 1024w, https:\/\/gmtvlatinos.com\/wp-content\/uploads\/2022\/09\/Galo-Malavasi-Colombia-2022-5687-768x512.jpg 768w, https:\/\/gmtvlatinos.com\/wp-content\/uploads\/2022\/09\/Galo-Malavasi-Colombia-2022-5687-1536x1024.jpg 1536w, https:\/\/gmtvlatinos.com\/wp-content\/uploads\/2022\/09\/Galo-Malavasi-Colombia-2022-5687-2048x1365.jpg 2048w\" sizes=\"auto, (max-width: 300px) 100vw, 300px\" \/><\/a>\n\t\t\t<\/dt><\/dl><br style=\"clear: both\" \/><dl class='gallery-item'>\n\t\t\t<dt class='gallery-icon landscape'>\n\t\t\t\t<a href='https:\/\/gmtvlatinos.com\/index.php\/2022\/09\/13\/grandioso-concierto-the-garden-show-series-en-orlando\/galo-malavasi-colombia-2022-5769\/'><img loading=\"lazy\" decoding=\"async\" width=\"300\" height=\"200\" src=\"https:\/\/gmtvlatinos.com\/wp-content\/uploads\/2022\/09\/Galo-Malavasi-Colombia-2022-5769-300x200.jpg\" class=\"attachment-medium size-medium\" alt=\"\" srcset=\"https:\/\/gmtvlatinos.com\/wp-content\/uploads\/2022\/09\/Galo-Malavasi-Colombia-2022-5769-300x200.jpg 300w, https:\/\/gmtvlatinos.com\/wp-content\/uploads\/2022\/09\/Galo-Malavasi-Colombia-2022-5769-scaled-600x400.jpg 600w, https:\/\/gmtvlatinos.com\/wp-content\/uploads\/2022\/09\/Galo-Malavasi-Colombia-2022-5769-1024x683.jpg 1024w, https:\/\/gmtvlatinos.com\/wp-content\/uploads\/2022\/09\/Galo-Malavasi-Colombia-2022-5769-768x512.jpg 768w, https:\/\/gmtvlatinos.com\/wp-content\/uploads\/2022\/09\/Galo-Malavasi-Colombia-2022-5769-1536x1024.jpg 1536w, https:\/\/gmtvlatinos.com\/wp-content\/uploads\/2022\/09\/Galo-Malavasi-Colombia-2022-5769-2048x1365.jpg 2048w\" sizes=\"auto, (max-width: 300px) 100vw, 300px\" \/><\/a>\n\t\t\t<\/dt><\/dl><dl class='gallery-item'>\n\t\t\t<dt class='gallery-icon landscape'>\n\t\t\t\t<a href='https:\/\/gmtvlatinos.com\/index.php\/2022\/09\/13\/grandioso-concierto-the-garden-show-series-en-orlando\/galo-malavasi-colombia-2022-5718\/'><img loading=\"lazy\" decoding=\"async\" width=\"300\" height=\"200\" src=\"https:\/\/gmtvlatinos.com\/wp-content\/uploads\/2022\/09\/Galo-Malavasi-Colombia-2022-5718-300x200.jpg\" class=\"attachment-medium size-medium\" alt=\"\" srcset=\"https:\/\/gmtvlatinos.com\/wp-content\/uploads\/2022\/09\/Galo-Malavasi-Colombia-2022-5718-300x200.jpg 300w, https:\/\/gmtvlatinos.com\/wp-content\/uploads\/2022\/09\/Galo-Malavasi-Colombia-2022-5718-scaled-600x400.jpg 600w, https:\/\/gmtvlatinos.com\/wp-content\/uploads\/2022\/09\/Galo-Malavasi-Colombia-2022-5718-1024x683.jpg 1024w, https:\/\/gmtvlatinos.com\/wp-content\/uploads\/2022\/09\/Galo-Malavasi-Colombia-2022-5718-768x512.jpg 768w, https:\/\/gmtvlatinos.com\/wp-content\/uploads\/2022\/09\/Galo-Malavasi-Colombia-2022-5718-1536x1024.jpg 1536w, https:\/\/gmtvlatinos.com\/wp-content\/uploads\/2022\/09\/Galo-Malavasi-Colombia-2022-5718-2048x1365.jpg 2048w\" sizes=\"auto, (max-width: 300px) 100vw, 300px\" \/><\/a>\n\t\t\t<\/dt><\/dl><dl class='gallery-item'>\n\t\t\t<dt class='gallery-icon landscape'>\n\t\t\t\t<a href='https:\/\/gmtvlatinos.com\/index.php\/2022\/09\/13\/grandioso-concierto-the-garden-show-series-en-orlando\/galo-malavasi-colombia-2022-5858\/'><img loading=\"lazy\" decoding=\"async\" width=\"300\" height=\"200\" src=\"https:\/\/gmtvlatinos.com\/wp-content\/uploads\/2022\/09\/Galo-Malavasi-Colombia-2022-5858-300x200.jpg\" class=\"attachment-medium size-medium\" alt=\"\" srcset=\"https:\/\/gmtvlatinos.com\/wp-content\/uploads\/2022\/09\/Galo-Malavasi-Colombia-2022-5858-300x200.jpg 300w, https:\/\/gmtvlatinos.com\/wp-content\/uploads\/2022\/09\/Galo-Malavasi-Colombia-2022-5858-scaled-600x400.jpg 600w, https:\/\/gmtvlatinos.com\/wp-content\/uploads\/2022\/09\/Galo-Malavasi-Colombia-2022-5858-1024x683.jpg 1024w, https:\/\/gmtvlatinos.com\/wp-content\/uploads\/2022\/09\/Galo-Malavasi-Colombia-2022-5858-768x512.jpg 768w, https:\/\/gmtvlatinos.com\/wp-content\/uploads\/2022\/09\/Galo-Malavasi-Colombia-2022-5858-1536x1024.jpg 1536w, https:\/\/gmtvlatinos.com\/wp-content\/uploads\/2022\/09\/Galo-Malavasi-Colombia-2022-5858-2048x1365.jpg 2048w\" sizes=\"auto, (max-width: 300px) 100vw, 300px\" \/><\/a>\n\t\t\t<\/dt><\/dl><br style=\"clear: both\" \/><dl class='gallery-item'>\n\t\t\t<dt class='gallery-icon landscape'>\n\t\t\t\t<a href='https:\/\/gmtvlatinos.com\/index.php\/2022\/09\/13\/grandioso-concierto-the-garden-show-series-en-orlando\/galo-malavasi-colombia-2022-23\/'><img loading=\"lazy\" decoding=\"async\" width=\"300\" height=\"200\" src=\"https:\/\/gmtvlatinos.com\/wp-content\/uploads\/2022\/09\/Galo-Malavasi-Colombia-2022-23-300x200.jpg\" class=\"attachment-medium size-medium\" alt=\"\" srcset=\"https:\/\/gmtvlatinos.com\/wp-content\/uploads\/2022\/09\/Galo-Malavasi-Colombia-2022-23-300x200.jpg 300w, https:\/\/gmtvlatinos.com\/wp-content\/uploads\/2022\/09\/Galo-Malavasi-Colombia-2022-23-scaled-600x400.jpg 600w, https:\/\/gmtvlatinos.com\/wp-content\/uploads\/2022\/09\/Galo-Malavasi-Colombia-2022-23-1024x683.jpg 1024w, https:\/\/gmtvlatinos.com\/wp-content\/uploads\/2022\/09\/Galo-Malavasi-Colombia-2022-23-768x512.jpg 768w, https:\/\/gmtvlatinos.com\/wp-content\/uploads\/2022\/09\/Galo-Malavasi-Colombia-2022-23-1536x1024.jpg 1536w, https:\/\/gmtvlatinos.com\/wp-content\/uploads\/2022\/09\/Galo-Malavasi-Colombia-2022-23-2048x1365.jpg 2048w\" sizes=\"auto, (max-width: 300px) 100vw, 300px\" \/><\/a>\n\t\t\t<\/dt><\/dl><dl class='gallery-item'>\n\t\t\t<dt class='gallery-icon landscape'>\n\t\t\t\t<a href='https:\/\/gmtvlatinos.com\/index.php\/2022\/09\/13\/grandioso-concierto-the-garden-show-series-en-orlando\/galo-malavasi-colombia-2022-5786\/'><img loading=\"lazy\" decoding=\"async\" width=\"300\" height=\"200\" src=\"https:\/\/gmtvlatinos.com\/wp-content\/uploads\/2022\/09\/Galo-Malavasi-Colombia-2022-5786-300x200.jpg\" class=\"attachment-medium size-medium\" alt=\"\" srcset=\"https:\/\/gmtvlatinos.com\/wp-content\/uploads\/2022\/09\/Galo-Malavasi-Colombia-2022-5786-300x200.jpg 300w, https:\/\/gmtvlatinos.com\/wp-content\/uploads\/2022\/09\/Galo-Malavasi-Colombia-2022-5786-scaled-600x400.jpg 600w, https:\/\/gmtvlatinos.com\/wp-content\/uploads\/2022\/09\/Galo-Malavasi-Colombia-2022-5786-1024x683.jpg 1024w, https:\/\/gmtvlatinos.com\/wp-content\/uploads\/2022\/09\/Galo-Malavasi-Colombia-2022-5786-768x512.jpg 768w, https:\/\/gmtvlatinos.com\/wp-content\/uploads\/2022\/09\/Galo-Malavasi-Colombia-2022-5786-1536x1024.jpg 1536w, https:\/\/gmtvlatinos.com\/wp-content\/uploads\/2022\/09\/Galo-Malavasi-Colombia-2022-5786-2048x1365.jpg 2048w\" sizes=\"auto, (max-width: 300px) 100vw, 300px\" \/><\/a>\n\t\t\t<\/dt><\/dl><dl class='gallery-item'>\n\t\t\t<dt class='gallery-icon landscape'>\n\t\t\t\t<a href='https:\/\/gmtvlatinos.com\/index.php\/2022\/09\/13\/grandioso-concierto-the-garden-show-series-en-orlando\/galo-malavasi-colombia-2022-5785\/'><img loading=\"lazy\" decoding=\"async\" width=\"300\" height=\"200\" src=\"https:\/\/gmtvlatinos.com\/wp-content\/uploads\/2022\/09\/Galo-Malavasi-Colombia-2022-5785-300x200.jpg\" class=\"attachment-medium size-medium\" alt=\"\" srcset=\"https:\/\/gmtvlatinos.com\/wp-content\/uploads\/2022\/09\/Galo-Malavasi-Colombia-2022-5785-300x200.jpg 300w, https:\/\/gmtvlatinos.com\/wp-content\/uploads\/2022\/09\/Galo-Malavasi-Colombia-2022-5785-scaled-600x400.jpg 600w, https:\/\/gmtvlatinos.com\/wp-content\/uploads\/2022\/09\/Galo-Malavasi-Colombia-2022-5785-1024x683.jpg 1024w, https:\/\/gmtvlatinos.com\/wp-content\/uploads\/2022\/09\/Galo-Malavasi-Colombia-2022-5785-768x512.jpg 768w, https:\/\/gmtvlatinos.com\/wp-content\/uploads\/2022\/09\/Galo-Malavasi-Colombia-2022-5785-1536x1024.jpg 1536w, https:\/\/gmtvlatinos.com\/wp-content\/uploads\/2022\/09\/Galo-Malavasi-Colombia-2022-5785-2048x1365.jpg 2048w\" sizes=\"auto, (max-width: 300px) 100vw, 300px\" \/><\/a>\n\t\t\t<\/dt><\/dl><br style=\"clear: both\" \/><dl class='gallery-item'>\n\t\t\t<dt class='gallery-icon landscape'>\n\t\t\t\t<a href='https:\/\/gmtvlatinos.com\/index.php\/2022\/09\/13\/grandioso-concierto-the-garden-show-series-en-orlando\/galo-malavasi-colombia-2022-22\/'><img loading=\"lazy\" decoding=\"async\" width=\"300\" height=\"199\" src=\"https:\/\/gmtvlatinos.com\/wp-content\/uploads\/2022\/09\/Galo-Malavasi-Colombia-2022-22-300x199.jpg\" class=\"attachment-medium size-medium\" alt=\"\" srcset=\"https:\/\/gmtvlatinos.com\/wp-content\/uploads\/2022\/09\/Galo-Malavasi-Colombia-2022-22-300x199.jpg 300w, https:\/\/gmtvlatinos.com\/wp-content\/uploads\/2022\/09\/Galo-Malavasi-Colombia-2022-22-scaled-600x398.jpg 600w, https:\/\/gmtvlatinos.com\/wp-content\/uploads\/2022\/09\/Galo-Malavasi-Colombia-2022-22-1024x679.jpg 1024w, https:\/\/gmtvlatinos.com\/wp-content\/uploads\/2022\/09\/Galo-Malavasi-Colombia-2022-22-768x510.jpg 768w, https:\/\/gmtvlatinos.com\/wp-content\/uploads\/2022\/09\/Galo-Malavasi-Colombia-2022-22-1536x1019.jpg 1536w, https:\/\/gmtvlatinos.com\/wp-content\/uploads\/2022\/09\/Galo-Malavasi-Colombia-2022-22-2048x1359.jpg 2048w\" sizes=\"auto, (max-width: 300px) 100vw, 300px\" \/><\/a>\n\t\t\t<\/dt><\/dl><dl class='gallery-item'>\n\t\t\t<dt class='gallery-icon landscape'>\n\t\t\t\t<a href='https:\/\/gmtvlatinos.com\/index.php\/2022\/09\/13\/grandioso-concierto-the-garden-show-series-en-orlando\/galo-malavasi-colombia-2022-21\/'><img loading=\"lazy\" decoding=\"async\" width=\"300\" height=\"241\" src=\"https:\/\/gmtvlatinos.com\/wp-content\/uploads\/2022\/09\/Galo-Malavasi-Colombia-2022-21-300x241.jpg\" class=\"attachment-medium size-medium\" alt=\"\" srcset=\"https:\/\/gmtvlatinos.com\/wp-content\/uploads\/2022\/09\/Galo-Malavasi-Colombia-2022-21-300x241.jpg 300w, https:\/\/gmtvlatinos.com\/wp-content\/uploads\/2022\/09\/Galo-Malavasi-Colombia-2022-21-scaled-600x481.jpg 600w, https:\/\/gmtvlatinos.com\/wp-content\/uploads\/2022\/09\/Galo-Malavasi-Colombia-2022-21-1024x822.jpg 1024w, https:\/\/gmtvlatinos.com\/wp-content\/uploads\/2022\/09\/Galo-Malavasi-Colombia-2022-21-768x616.jpg 768w, https:\/\/gmtvlatinos.com\/wp-content\/uploads\/2022\/09\/Galo-Malavasi-Colombia-2022-21-1536x1232.jpg 1536w, https:\/\/gmtvlatinos.com\/wp-content\/uploads\/2022\/09\/Galo-Malavasi-Colombia-2022-21-2048x1643.jpg 2048w\" sizes=\"auto, (max-width: 300px) 100vw, 300px\" \/><\/a>\n\t\t\t<\/dt><\/dl><dl class='gallery-item'>\n\t\t\t<dt class='gallery-icon landscape'>\n\t\t\t\t<a href='https:\/\/gmtvlatinos.com\/index.php\/2022\/09\/13\/grandioso-concierto-the-garden-show-series-en-orlando\/galo-malavasi-colombia-2022-5710\/'><img loading=\"lazy\" decoding=\"async\" width=\"300\" height=\"200\" src=\"https:\/\/gmtvlatinos.com\/wp-content\/uploads\/2022\/09\/Galo-Malavasi-Colombia-2022-5710-300x200.jpg\" class=\"attachment-medium size-medium\" alt=\"\" srcset=\"https:\/\/gmtvlatinos.com\/wp-content\/uploads\/2022\/09\/Galo-Malavasi-Colombia-2022-5710-300x200.jpg 300w, https:\/\/gmtvlatinos.com\/wp-content\/uploads\/2022\/09\/Galo-Malavasi-Colombia-2022-5710-scaled-600x400.jpg 600w, https:\/\/gmtvlatinos.com\/wp-content\/uploads\/2022\/09\/Galo-Malavasi-Colombia-2022-5710-1024x683.jpg 1024w, https:\/\/gmtvlatinos.com\/wp-content\/uploads\/2022\/09\/Galo-Malavasi-Colombia-2022-5710-768x512.jpg 768w, https:\/\/gmtvlatinos.com\/wp-content\/uploads\/2022\/09\/Galo-Malavasi-Colombia-2022-5710-1536x1024.jpg 1536w, https:\/\/gmtvlatinos.com\/wp-content\/uploads\/2022\/09\/Galo-Malavasi-Colombia-2022-5710-2048x1365.jpg 2048w\" sizes=\"auto, (max-width: 300px) 100vw, 300px\" \/><\/a>\n\t\t\t<\/dt><\/dl><br style=\"clear: both\" \/><dl class='gallery-item'>\n\t\t\t<dt class='gallery-icon landscape'>\n\t\t\t\t<a href='https:\/\/gmtvlatinos.com\/index.php\/2022\/09\/13\/grandioso-concierto-the-garden-show-series-en-orlando\/galo-malavasi-colombia-2022-5708\/'><img loading=\"lazy\" decoding=\"async\" width=\"300\" height=\"200\" src=\"https:\/\/gmtvlatinos.com\/wp-content\/uploads\/2022\/09\/Galo-Malavasi-Colombia-2022-5708-300x200.jpg\" class=\"attachment-medium size-medium\" alt=\"\" srcset=\"https:\/\/gmtvlatinos.com\/wp-content\/uploads\/2022\/09\/Galo-Malavasi-Colombia-2022-5708-300x200.jpg 300w, https:\/\/gmtvlatinos.com\/wp-content\/uploads\/2022\/09\/Galo-Malavasi-Colombia-2022-5708-scaled-600x400.jpg 600w, https:\/\/gmtvlatinos.com\/wp-content\/uploads\/2022\/09\/Galo-Malavasi-Colombia-2022-5708-1024x683.jpg 1024w, https:\/\/gmtvlatinos.com\/wp-content\/uploads\/2022\/09\/Galo-Malavasi-Colombia-2022-5708-768x512.jpg 768w, https:\/\/gmtvlatinos.com\/wp-content\/uploads\/2022\/09\/Galo-Malavasi-Colombia-2022-5708-1536x1024.jpg 1536w, https:\/\/gmtvlatinos.com\/wp-content\/uploads\/2022\/09\/Galo-Malavasi-Colombia-2022-5708-2048x1365.jpg 2048w\" sizes=\"auto, (max-width: 300px) 100vw, 300px\" \/><\/a>\n\t\t\t<\/dt><\/dl><dl class='gallery-item'>\n\t\t\t<dt class='gallery-icon landscape'>\n\t\t\t\t<a href='https:\/\/gmtvlatinos.com\/index.php\/2022\/09\/13\/grandioso-concierto-the-garden-show-series-en-orlando\/galo-malavasi-colombia-2022-5740\/'><img loading=\"lazy\" decoding=\"async\" width=\"300\" height=\"200\" src=\"https:\/\/gmtvlatinos.com\/wp-content\/uploads\/2022\/09\/Galo-Malavasi-Colombia-2022-5740-300x200.jpg\" class=\"attachment-medium size-medium\" alt=\"\" srcset=\"https:\/\/gmtvlatinos.com\/wp-content\/uploads\/2022\/09\/Galo-Malavasi-Colombia-2022-5740-300x200.jpg 300w, https:\/\/gmtvlatinos.com\/wp-content\/uploads\/2022\/09\/Galo-Malavasi-Colombia-2022-5740-scaled-600x400.jpg 600w, https:\/\/gmtvlatinos.com\/wp-content\/uploads\/2022\/09\/Galo-Malavasi-Colombia-2022-5740-1024x683.jpg 1024w, https:\/\/gmtvlatinos.com\/wp-content\/uploads\/2022\/09\/Galo-Malavasi-Colombia-2022-5740-768x512.jpg 768w, https:\/\/gmtvlatinos.com\/wp-content\/uploads\/2022\/09\/Galo-Malavasi-Colombia-2022-5740-1536x1024.jpg 1536w, https:\/\/gmtvlatinos.com\/wp-content\/uploads\/2022\/09\/Galo-Malavasi-Colombia-2022-5740-2048x1365.jpg 2048w\" sizes=\"auto, (max-width: 300px) 100vw, 300px\" \/><\/a>\n\t\t\t<\/dt><\/dl><dl class='gallery-item'>\n\t\t\t<dt class='gallery-icon landscape'>\n\t\t\t\t<a href='https:\/\/gmtvlatinos.com\/index.php\/2022\/09\/13\/grandioso-concierto-the-garden-show-series-en-orlando\/galo-malavasi-colombia-2022-5806\/'><img loading=\"lazy\" decoding=\"async\" width=\"300\" height=\"200\" src=\"https:\/\/gmtvlatinos.com\/wp-content\/uploads\/2022\/09\/Galo-Malavasi-Colombia-2022-5806-300x200.jpg\" class=\"attachment-medium size-medium\" alt=\"\" srcset=\"https:\/\/gmtvlatinos.com\/wp-content\/uploads\/2022\/09\/Galo-Malavasi-Colombia-2022-5806-300x200.jpg 300w, https:\/\/gmtvlatinos.com\/wp-content\/uploads\/2022\/09\/Galo-Malavasi-Colombia-2022-5806-scaled-600x400.jpg 600w, https:\/\/gmtvlatinos.com\/wp-content\/uploads\/2022\/09\/Galo-Malavasi-Colombia-2022-5806-1024x683.jpg 1024w, https:\/\/gmtvlatinos.com\/wp-content\/uploads\/2022\/09\/Galo-Malavasi-Colombia-2022-5806-768x512.jpg 768w, https:\/\/gmtvlatinos.com\/wp-content\/uploads\/2022\/09\/Galo-Malavasi-Colombia-2022-5806-1536x1024.jpg 1536w, https:\/\/gmtvlatinos.com\/wp-content\/uploads\/2022\/09\/Galo-Malavasi-Colombia-2022-5806-2048x1365.jpg 2048w\" sizes=\"auto, (max-width: 300px) 100vw, 300px\" \/><\/a>\n\t\t\t<\/dt><\/dl><br style=\"clear: both\" \/>\n\t\t<\/div>\n\n<p>&nbsp;<\/p>\n","protected":false},"excerpt":{"rendered":"<p>GMTV Latinos estuvo en el excelente show presentado por Rafael Cavero y Guillermo Roude. El concierto empez\u00f3 con el buen humor de Rafael y Guillermo dando inicio a una velada con voces y m\u00fasica espectaculares. Lo primero que llam\u00f3 nuestra atenci\u00f3n fue la cercan\u00eda de los artistas al publico y su autenticidad. Luego empezamos a [&hellip;]<\/p>\n","protected":false},"author":1,"featured_media":1039,"comment_status":"open","ping_status":"open","sticky":false,"template":"","format":"standard","meta":{"om_disable_all_campaigns":false,"_monsterinsights_skip_tracking":false,"_monsterinsights_sitenote_active":false,"_monsterinsights_sitenote_note":"","_monsterinsights_sitenote_category":0,"_jetpack_memberships_contains_paid_content":false,"footnotes":""},"categories":[361,3],"tags":[365,363,362,355,364],"class_list":["post-1037","post","type-post","status-publish","format-standard","has-post-thumbnail","hentry","category-conciertos","category-entretenimiento","tag-florida","tag-guillermo-roude","tag-miss-mundo-latina","tag-orlando","tag-rafael-cavero"],"jetpack_sharing_enabled":true,"jetpack_featured_media_url":"https:\/\/gmtvlatinos.com\/wp-content\/uploads\/2022\/09\/Galo-Malavasi-Colombia-2022-5806-scaled.jpg","amp_enabled":true,"_links":{"self":[{"href":"https:\/\/gmtvlatinos.com\/index.php\/wp-json\/wp\/v2\/posts\/1037","targetHints":{"allow":["GET"]}}],"collection":[{"href":"https:\/\/gmtvlatinos.com\/index.php\/wp-json\/wp\/v2\/posts"}],"about":[{"href":"https:\/\/gmtvlatinos.com\/index.php\/wp-json\/wp\/v2\/types\/post"}],"author":[{"embeddable":true,"href":"https:\/\/gmtvlatinos.com\/index.php\/wp-json\/wp\/v2\/users\/1"}],"replies":[{"embeddable":true,"href":"https:\/\/gmtvlatinos.com\/index.php\/wp-json\/wp\/v2\/comments?post=1037"}],"version-history":[{"count":2,"href":"https:\/\/gmtvlatinos.com\/index.php\/wp-json\/wp\/v2\/posts\/1037\/revisions"}],"predecessor-version":[{"id":1058,"href":"https:\/\/gmtvlatinos.com\/index.php\/wp-json\/wp\/v2\/posts\/1037\/revisions\/1058"}],"wp:featuredmedia":[{"embeddable":true,"href":"https:\/\/gmtvlatinos.com\/index.php\/wp-json\/wp\/v2\/media\/1039"}],"wp:attachment":[{"href":"https:\/\/gmtvlatinos.com\/index.php\/wp-json\/wp\/v2\/media?parent=1037"}],"wp:term":[{"taxonomy":"category","embeddable":true,"href":"https:\/\/gmtvlatinos.com\/index.php\/wp-json\/wp\/v2\/categories?post=1037"},{"taxonomy":"post_tag","embeddable":true,"href":"https:\/\/gmtvlatinos.com\/index.php\/wp-json\/wp\/v2\/tags?post=1037"}],"curies":[{"name":"wp","href":"https:\/\/api.w.org\/{rel}","templated":true}]}}