 {"id":1306,"date":"2022-11-08T20:05:43","date_gmt":"2022-11-09T01:05:43","guid":{"rendered":"https:\/\/gmtvlatinos.com\/?p=1306"},"modified":"2022-11-08T20:05:43","modified_gmt":"2022-11-09T01:05:43","slug":"valentina-suarez-pupo-latin-fashion-week","status":"publish","type":"post","link":"https:\/\/gmtvlatinos.com\/index.php\/2022\/11\/08\/valentina-suarez-pupo-latin-fashion-week\/","title":{"rendered":"Valentina Suarez Pupo &#8211; Latin Fashion Week"},"content":{"rendered":"<p>Modelo Colombiana del Cesar que particip\u00f3 en el Latin Fashion Week que se realiz\u00f3 en Cartagena de Indias, Colombia.<\/p>\n<p>Edad: 19 a\u00f1os<\/p>\n<p>Vivo con mi familia en el Pueblo de Agust\u00edn del departamento del Cesar, estudio Licenciatura en idiomas, mi hobbie es jugar baloncesto y hacer crucigramas, mi proyectos de vida es salir adelante y mejorar cada d\u00eda y mi labor social me centro m\u00e1s en ayudar a los animales callejeros brind\u00e1ndoles comida y agua, me gustar\u00eda tener un albergue para perros y gatos abandonados, mi color favorito es el negro y el rojo.<\/p>\n<p>Frase Favorita<br \/>\nEstoy dispuesta a renunciar a lo que soy, con el fin de convertirme en lo que ser\u00e9<\/p>\n<p>Programas o canales favoritos.<br \/>\nKUWTK<\/p>\n<p><img loading=\"lazy\" decoding=\"async\" class=\"alignnone size-medium wp-image-1307\" src=\"https:\/\/gmtvlatinos.com\/wp-content\/uploads\/2022\/11\/GaloMalavasi2022-134-200x300.jpg\" alt=\"\" width=\"200\" height=\"300\" srcset=\"https:\/\/gmtvlatinos.com\/wp-content\/uploads\/2022\/11\/GaloMalavasi2022-134-200x300.jpg 200w, https:\/\/gmtvlatinos.com\/wp-content\/uploads\/2022\/11\/GaloMalavasi2022-134-scaled-300x450.jpg 300w, https:\/\/gmtvlatinos.com\/wp-content\/uploads\/2022\/11\/GaloMalavasi2022-134-scaled-600x900.jpg 600w, https:\/\/gmtvlatinos.com\/wp-content\/uploads\/2022\/11\/GaloMalavasi2022-134-683x1024.jpg 683w, https:\/\/gmtvlatinos.com\/wp-content\/uploads\/2022\/11\/GaloMalavasi2022-134-768x1152.jpg 768w, https:\/\/gmtvlatinos.com\/wp-content\/uploads\/2022\/11\/GaloMalavasi2022-134-1024x1536.jpg 1024w, https:\/\/gmtvlatinos.com\/wp-content\/uploads\/2022\/11\/GaloMalavasi2022-134-1365x2048.jpg 1365w, https:\/\/gmtvlatinos.com\/wp-content\/uploads\/2022\/11\/GaloMalavasi2022-134-scaled.jpg 1707w\" sizes=\"auto, (max-width: 200px) 100vw, 200px\" \/> <img loading=\"lazy\" decoding=\"async\" class=\"alignnone size-medium wp-image-1308\" src=\"https:\/\/gmtvlatinos.com\/wp-content\/uploads\/2022\/11\/GaloMalavasi2022-8721-200x300.jpg\" alt=\"\" width=\"200\" height=\"300\" srcset=\"https:\/\/gmtvlatinos.com\/wp-content\/uploads\/2022\/11\/GaloMalavasi2022-8721-200x300.jpg 200w, https:\/\/gmtvlatinos.com\/wp-content\/uploads\/2022\/11\/GaloMalavasi2022-8721-scaled-300x450.jpg 300w, https:\/\/gmtvlatinos.com\/wp-content\/uploads\/2022\/11\/GaloMalavasi2022-8721-scaled-600x900.jpg 600w, https:\/\/gmtvlatinos.com\/wp-content\/uploads\/2022\/11\/GaloMalavasi2022-8721-683x1024.jpg 683w, https:\/\/gmtvlatinos.com\/wp-content\/uploads\/2022\/11\/GaloMalavasi2022-8721-768x1152.jpg 768w, https:\/\/gmtvlatinos.com\/wp-content\/uploads\/2022\/11\/GaloMalavasi2022-8721-1024x1536.jpg 1024w, https:\/\/gmtvlatinos.com\/wp-content\/uploads\/2022\/11\/GaloMalavasi2022-8721-1365x2048.jpg 1365w, https:\/\/gmtvlatinos.com\/wp-content\/uploads\/2022\/11\/GaloMalavasi2022-8721-scaled.jpg 1707w\" sizes=\"auto, (max-width: 200px) 100vw, 200px\" \/> <img loading=\"lazy\" decoding=\"async\" class=\"alignnone size-medium wp-image-1309\" src=\"https:\/\/gmtvlatinos.com\/wp-content\/uploads\/2022\/11\/GaloMalavasi2022-1643-200x300.jpg\" alt=\"\" width=\"200\" height=\"300\" srcset=\"https:\/\/gmtvlatinos.com\/wp-content\/uploads\/2022\/11\/GaloMalavasi2022-1643-200x300.jpg 200w, https:\/\/gmtvlatinos.com\/wp-content\/uploads\/2022\/11\/GaloMalavasi2022-1643-scaled-300x450.jpg 300w, https:\/\/gmtvlatinos.com\/wp-content\/uploads\/2022\/11\/GaloMalavasi2022-1643-scaled-600x900.jpg 600w, https:\/\/gmtvlatinos.com\/wp-content\/uploads\/2022\/11\/GaloMalavasi2022-1643-683x1024.jpg 683w, https:\/\/gmtvlatinos.com\/wp-content\/uploads\/2022\/11\/GaloMalavasi2022-1643-768x1152.jpg 768w, https:\/\/gmtvlatinos.com\/wp-content\/uploads\/2022\/11\/GaloMalavasi2022-1643-1024x1536.jpg 1024w, https:\/\/gmtvlatinos.com\/wp-content\/uploads\/2022\/11\/GaloMalavasi2022-1643-1365x2048.jpg 1365w, https:\/\/gmtvlatinos.com\/wp-content\/uploads\/2022\/11\/GaloMalavasi2022-1643-scaled.jpg 1707w\" sizes=\"auto, (max-width: 200px) 100vw, 200px\" \/> <img loading=\"lazy\" decoding=\"async\" class=\"alignnone size-medium wp-image-1310\" src=\"https:\/\/gmtvlatinos.com\/wp-content\/uploads\/2022\/11\/GaloMalavasi2022-1376-300x247.jpg\" alt=\"\" width=\"300\" height=\"247\" srcset=\"https:\/\/gmtvlatinos.com\/wp-content\/uploads\/2022\/11\/GaloMalavasi2022-1376-300x247.jpg 300w, https:\/\/gmtvlatinos.com\/wp-content\/uploads\/2022\/11\/GaloMalavasi2022-1376-scaled-600x494.jpg 600w, https:\/\/gmtvlatinos.com\/wp-content\/uploads\/2022\/11\/GaloMalavasi2022-1376-1024x843.jpg 1024w, https:\/\/gmtvlatinos.com\/wp-content\/uploads\/2022\/11\/GaloMalavasi2022-1376-768x632.jpg 768w, https:\/\/gmtvlatinos.com\/wp-content\/uploads\/2022\/11\/GaloMalavasi2022-1376-1536x1264.jpg 1536w, https:\/\/gmtvlatinos.com\/wp-content\/uploads\/2022\/11\/GaloMalavasi2022-1376-2048x1686.jpg 2048w\" sizes=\"auto, (max-width: 300px) 100vw, 300px\" \/><\/p>\n","protected":false},"excerpt":{"rendered":"<p>Modelo Colombiana del Cesar que particip\u00f3 en el Latin Fashion Week que se realiz\u00f3 en Cartagena de Indias, Colombia. Edad: 19 a\u00f1os Vivo con mi familia en el Pueblo de Agust\u00edn del departamento del Cesar, estudio Licenciatura en idiomas, mi hobbie es jugar baloncesto y hacer crucigramas, mi proyectos de vida es salir adelante y [&hellip;]<\/p>\n","protected":false},"author":1,"featured_media":1305,"comment_status":"open","ping_status":"open","sticky":false,"template":"","format":"standard","meta":{"om_disable_all_campaigns":false,"_monsterinsights_skip_tracking":false,"_monsterinsights_sitenote_active":false,"_monsterinsights_sitenote_note":"","_monsterinsights_sitenote_category":0,"_jetpack_memberships_contains_paid_content":false,"footnotes":""},"categories":[442,4],"tags":[423,444,180,443,445],"class_list":["post-1306","post","type-post","status-publish","format-standard","has-post-thumbnail","hentry","category-latin-fashion-week","category-moda","tag-cartagena","tag-cesar","tag-colombia","tag-latin-america-fashion-week","tag-valentina-suarez-pupo"],"jetpack_sharing_enabled":true,"jetpack_featured_media_url":"https:\/\/gmtvlatinos.com\/wp-content\/uploads\/2022\/11\/GaloMalavasi2022-1706-scaled.jpg","amp_enabled":true,"_links":{"self":[{"href":"https:\/\/gmtvlatinos.com\/index.php\/wp-json\/wp\/v2\/posts\/1306","targetHints":{"allow":["GET"]}}],"collection":[{"href":"https:\/\/gmtvlatinos.com\/index.php\/wp-json\/wp\/v2\/posts"}],"about":[{"href":"https:\/\/gmtvlatinos.com\/index.php\/wp-json\/wp\/v2\/types\/post"}],"author":[{"embeddable":true,"href":"https:\/\/gmtvlatinos.com\/index.php\/wp-json\/wp\/v2\/users\/1"}],"replies":[{"embeddable":true,"href":"https:\/\/gmtvlatinos.com\/index.php\/wp-json\/wp\/v2\/comments?post=1306"}],"version-history":[{"count":1,"href":"https:\/\/gmtvlatinos.com\/index.php\/wp-json\/wp\/v2\/posts\/1306\/revisions"}],"predecessor-version":[{"id":1311,"href":"https:\/\/gmtvlatinos.com\/index.php\/wp-json\/wp\/v2\/posts\/1306\/revisions\/1311"}],"wp:featuredmedia":[{"embeddable":true,"href":"https:\/\/gmtvlatinos.com\/index.php\/wp-json\/wp\/v2\/media\/1305"}],"wp:attachment":[{"href":"https:\/\/gmtvlatinos.com\/index.php\/wp-json\/wp\/v2\/media?parent=1306"}],"wp:term":[{"taxonomy":"category","embeddable":true,"href":"https:\/\/gmtvlatinos.com\/index.php\/wp-json\/wp\/v2\/categories?post=1306"},{"taxonomy":"post_tag","embeddable":true,"href":"https:\/\/gmtvlatinos.com\/index.php\/wp-json\/wp\/v2\/tags?post=1306"}],"curies":[{"name":"wp","href":"https:\/\/api.w.org\/{rel}","templated":true}]}}