 {"id":2119,"date":"2023-11-06T16:59:32","date_gmt":"2023-11-06T21:59:32","guid":{"rendered":"https:\/\/gmtvlatinos.com\/?p=2119"},"modified":"2023-11-06T18:24:34","modified_gmt":"2023-11-06T23:24:34","slug":"laura-sofia-sabogal-miss-petite-queen-of-nations-internacional-2023","status":"publish","type":"post","link":"https:\/\/gmtvlatinos.com\/index.php\/2023\/11\/06\/laura-sofia-sabogal-miss-petite-queen-of-nations-internacional-2023\/","title":{"rendered":"Laura Sof\u00eda Sabogal Miss Petite Queen of Nations Internacional 2023"},"content":{"rendered":"<p>Laura Sof\u00eda Sabogal es una joven colombiana que ha logrado destacarse tanto en el \u00e1mbito acad\u00e9mico como en el art\u00edstico. Recientemente, se coron\u00f3 como la Miss Petite Queen of Nations internacional, un concurso de belleza que re\u00fane a las mujeres bellas y talentosas del mundo que miden menos de 1,68 metros.<\/p>\n<p>Laura Sof\u00eda tiene 21 a\u00f1os y naci\u00f3 en Armenia, Quind\u00edo, donde vive con su familia. Desde peque\u00f1a, mostr\u00f3 su pasi\u00f3n por el baile y la m\u00fasica, participando en diferentes eventos culturales y art\u00edsticos. Se gradu\u00f3 de bachillerato y como bailarina de la instituci\u00f3n educativa Fundanza, una reconocida escuela de danza folcl\u00f3rica que promueve la identidad y la diversidad cultural de Colombia.<\/p>\n<p>Adem\u00e1s, Laura Sof\u00eda se form\u00f3 como normalista superior en la escuela normal superior, un programa de formaci\u00f3n complementario que le permite ejercer la docencia en educaci\u00f3n b\u00e1sica. Sin embargo, su sue\u00f1o es convertirse en ingeniera civil, por lo que actualmente estudia esta carrera en la universidad del Quind\u00edo, una de las mejores instituciones de educaci\u00f3n superior del pa\u00eds.<\/p>\n<p>Su inter\u00e9s por la ingenier\u00eda civil se debe a su amor por la naturaleza y el desarrollo sostenible. Laura Sof\u00eda quiere contribuir a la construcci\u00f3n de obras que mejoren la calidad de vida de las personas y que respeten el medio ambiente. As\u00ed mismo, desea apoyar a las comunidades vulnerables y a las mujeres que quieren superarse y empoderarse.<\/p>\n<p>Laura Sof\u00eda se inscribi\u00f3 al certamen de belleza Miss Petite Queen of Nations internacional por una invitaci\u00f3n que le hicieron los organizadores, quienes quedaron impresionados por su belleza y carisma. Ella acept\u00f3 el reto como una oportunidad para representar a su pa\u00eds y para demostrar que la belleza va m\u00e1s all\u00e1 de la estatura.<\/p>\n<p>Laura Sof\u00eda Sabogal es un ejemplo de que la belleza y la inteligencia pueden ir de la mano, y de que las mujeres pueden triunfar en cualquier campo que se propongan. Ella es una orgullosa representante de la mujer colombiana, que se caracteriza por su belleza, su alegr\u00eda, su fortaleza y su solidaridad.<\/p>\n\n\t\t<style type=\"text\/css\">\n\t\t\t#gallery-1 {\n\t\t\t\tmargin: auto;\n\t\t\t}\n\t\t\t#gallery-1 .gallery-item {\n\t\t\t\tfloat: left;\n\t\t\t\tmargin-top: 10px;\n\t\t\t\ttext-align: center;\n\t\t\t\twidth: 33%;\n\t\t\t}\n\t\t\t#gallery-1 img {\n\t\t\t\tborder: 2px solid #cfcfcf;\n\t\t\t}\n\t\t\t#gallery-1 .gallery-caption {\n\t\t\t\tmargin-left: 0;\n\t\t\t}\n\t\t\t\/* see gallery_shortcode() in wp-includes\/media.php *\/\n\t\t<\/style>\n\t\t<div id='gallery-1' class='gallery galleryid-2119 gallery-columns-3 gallery-size-thumbnail'><dl class='gallery-item'>\n\t\t\t<dt class='gallery-icon portrait'>\n\t\t\t\t<a href='https:\/\/gmtvlatinos.com\/index.php\/2023\/11\/06\/laura-sofia-sabogal-miss-petite-queen-of-nations-internacional-2023\/_dsc6842-remini-enhanced-2\/'><img loading=\"lazy\" decoding=\"async\" width=\"150\" height=\"150\" src=\"https:\/\/gmtvlatinos.com\/wp-content\/uploads\/2023\/11\/DSC6842.remini-enhanced-1-150x150.jpeg\" class=\"attachment-thumbnail size-thumbnail\" alt=\"\" srcset=\"https:\/\/gmtvlatinos.com\/wp-content\/uploads\/2023\/11\/DSC6842.remini-enhanced-1-150x150.jpeg 150w, https:\/\/gmtvlatinos.com\/wp-content\/uploads\/2023\/11\/DSC6842.remini-enhanced-1-80x80.jpeg 80w, https:\/\/gmtvlatinos.com\/wp-content\/uploads\/2023\/11\/DSC6842.remini-enhanced-1-100x100.jpeg 100w\" sizes=\"auto, (max-width: 150px) 100vw, 150px\" \/><\/a>\n\t\t\t<\/dt><\/dl><dl class='gallery-item'>\n\t\t\t<dt class='gallery-icon portrait'>\n\t\t\t\t<a href='https:\/\/gmtvlatinos.com\/index.php\/2023\/11\/06\/laura-sofia-sabogal-miss-petite-queen-of-nations-internacional-2023\/_dsc6731\/'><img loading=\"lazy\" decoding=\"async\" width=\"150\" height=\"150\" src=\"https:\/\/gmtvlatinos.com\/wp-content\/uploads\/2023\/11\/DSC6731-150x150.jpeg\" class=\"attachment-thumbnail size-thumbnail\" alt=\"\" srcset=\"https:\/\/gmtvlatinos.com\/wp-content\/uploads\/2023\/11\/DSC6731-150x150.jpeg 150w, https:\/\/gmtvlatinos.com\/wp-content\/uploads\/2023\/11\/DSC6731-80x80.jpeg 80w, https:\/\/gmtvlatinos.com\/wp-content\/uploads\/2023\/11\/DSC6731-100x100.jpeg 100w\" sizes=\"auto, (max-width: 150px) 100vw, 150px\" \/><\/a>\n\t\t\t<\/dt><\/dl><dl class='gallery-item'>\n\t\t\t<dt class='gallery-icon portrait'>\n\t\t\t\t<a href='https:\/\/gmtvlatinos.com\/index.php\/2023\/11\/06\/laura-sofia-sabogal-miss-petite-queen-of-nations-internacional-2023\/img_7606\/'><img loading=\"lazy\" decoding=\"async\" width=\"150\" height=\"150\" src=\"https:\/\/gmtvlatinos.com\/wp-content\/uploads\/2023\/11\/IMG_7606-150x150.jpeg\" class=\"attachment-thumbnail size-thumbnail\" alt=\"\" srcset=\"https:\/\/gmtvlatinos.com\/wp-content\/uploads\/2023\/11\/IMG_7606-150x150.jpeg 150w, https:\/\/gmtvlatinos.com\/wp-content\/uploads\/2023\/11\/IMG_7606-80x80.jpeg 80w, https:\/\/gmtvlatinos.com\/wp-content\/uploads\/2023\/11\/IMG_7606-100x100.jpeg 100w\" sizes=\"auto, (max-width: 150px) 100vw, 150px\" \/><\/a>\n\t\t\t<\/dt><\/dl><br style=\"clear: both\" \/>\n\t\t<\/div>\n\n","protected":false},"excerpt":{"rendered":"<p>Laura Sof\u00eda Sabogal es una joven colombiana que ha logrado destacarse tanto en el \u00e1mbito acad\u00e9mico como en el art\u00edstico. Recientemente, se coron\u00f3 como la Miss Petite Queen of Nations internacional, un concurso de belleza que re\u00fane a las mujeres bellas y talentosas del mundo que miden menos de 1,68 metros. Laura Sof\u00eda tiene 21 [&hellip;]<\/p>\n","protected":false},"author":1,"featured_media":2120,"comment_status":"open","ping_status":"open","sticky":false,"template":"","format":"standard","meta":{"om_disable_all_campaigns":false,"_monsterinsights_skip_tracking":false,"_monsterinsights_sitenote_active":false,"_monsterinsights_sitenote_note":"","_monsterinsights_sitenote_category":0,"_jetpack_memberships_contains_paid_content":false,"footnotes":""},"categories":[301],"tags":[59,550],"class_list":["post-2119","post","type-post","status-publish","format-standard","has-post-thumbnail","hentry","category-certamenes","tag-featured","tag-laura-sofia-sabogal-vega"],"jetpack_sharing_enabled":true,"jetpack_featured_media_url":"https:\/\/gmtvlatinos.com\/wp-content\/uploads\/2023\/11\/DSC6842.remini-enhanced-scaled.jpeg","amp_enabled":true,"_links":{"self":[{"href":"https:\/\/gmtvlatinos.com\/index.php\/wp-json\/wp\/v2\/posts\/2119","targetHints":{"allow":["GET"]}}],"collection":[{"href":"https:\/\/gmtvlatinos.com\/index.php\/wp-json\/wp\/v2\/posts"}],"about":[{"href":"https:\/\/gmtvlatinos.com\/index.php\/wp-json\/wp\/v2\/types\/post"}],"author":[{"embeddable":true,"href":"https:\/\/gmtvlatinos.com\/index.php\/wp-json\/wp\/v2\/users\/1"}],"replies":[{"embeddable":true,"href":"https:\/\/gmtvlatinos.com\/index.php\/wp-json\/wp\/v2\/comments?post=2119"}],"version-history":[{"count":3,"href":"https:\/\/gmtvlatinos.com\/index.php\/wp-json\/wp\/v2\/posts\/2119\/revisions"}],"predecessor-version":[{"id":2126,"href":"https:\/\/gmtvlatinos.com\/index.php\/wp-json\/wp\/v2\/posts\/2119\/revisions\/2126"}],"wp:featuredmedia":[{"embeddable":true,"href":"https:\/\/gmtvlatinos.com\/index.php\/wp-json\/wp\/v2\/media\/2120"}],"wp:attachment":[{"href":"https:\/\/gmtvlatinos.com\/index.php\/wp-json\/wp\/v2\/media?parent=2119"}],"wp:term":[{"taxonomy":"category","embeddable":true,"href":"https:\/\/gmtvlatinos.com\/index.php\/wp-json\/wp\/v2\/categories?post=2119"},{"taxonomy":"post_tag","embeddable":true,"href":"https:\/\/gmtvlatinos.com\/index.php\/wp-json\/wp\/v2\/tags?post=2119"}],"curies":[{"name":"wp","href":"https:\/\/api.w.org\/{rel}","templated":true}]}}