 {"id":445,"date":"2022-08-09T15:41:05","date_gmt":"2022-08-09T20:41:05","guid":{"rendered":"https:\/\/gmtvlatinos.com\/?p=445"},"modified":"2023-08-14T09:04:12","modified_gmt":"2023-08-14T14:04:12","slug":"jazmin-arenas-pre-candidata-miss-universe-colombia-2023","status":"publish","type":"post","link":"https:\/\/gmtvlatinos.com\/index.php\/2022\/08\/09\/jazmin-arenas-pre-candidata-miss-universe-colombia-2023\/","title":{"rendered":"Jazm\u00edn Arenas Pre &#8211; Candidata Miss Universe Colombia 2023"},"content":{"rendered":"<div class=\"mvp-post-soc-wrap left relative\">\n<p>Conoce a Jazm\u00edn Arenas hermosa mujer que esta luchando por un cupo para representar su departamento en <a href=\"https:\/\/missuniversecolombia.org\/\" target=\"_blank\" rel=\"noopener\">Miss Universe Colombia 2023<\/a>.<\/p>\n<\/div>\n<div class=\"mvp-post-soc-in\">\n<div id=\"mvp-content-body\" class=\"left relative\">\n<div id=\"mvp-content-body-top\" class=\"left relative\">\n<div id=\"mvp-content-main\" class=\"left relative\">\n<div id=\"tps_slideContainer_793\" class=\"theiaPostSlider_slides\">\n<div class=\"theiaPostSlider_preloadedSlide\">\n<p><strong>Comentario Colombiana Universal(Ahmet Fortich y \ud835\udc68\ud835\udc8d\ud835\udc86\ud835\udc8b\ud835\udc82\ud835\udc8f\ud835\udc85\ud835\udc93\ud835\udc90 Obando)<\/strong>:<\/p>\n<\/div>\n<\/div>\n<\/div>\n<\/div>\n<\/div>\n<\/div>\n<p>QUINDIO: Jazm\u00edn Arenas, muy elegante y fresca, inicia su casting con el fin de obtener la banda del departamento de Quind\u00edo. Se considera afortunada por representar una regi\u00f3n con mucha diversidad en cultura, gastronom\u00eda y riquezas tur\u00edsticas. Esta bella mujer, de 26 a\u00f1os, M\u00e9dica Veterinaria y Zootecnista, se describe como una mujer emprendedora, creativa, honesta, con gran esp\u00edritu de servicio. Para ella la moda es la representaci\u00f3n de diversas maneras de pensar a trav\u00e9s de los estilos y formas de llevarla. Su ni\u00f1ez se desarroll\u00f3 en el norte del departamento del Valle, acompa\u00f1ada de sus familiares. Cuenta con un emprendimiento, el cual a trav\u00e9s de redes sociales ha logrado sacar adelante y desarrollar. Nos dej\u00f3 ver una mujer fresca, natural y elegante.<\/p>\n<p>PH:\u00a0<a class=\"qi72231t nu7423ey n3hqoq4p r86q59rh b3qcqh3k fq87ekyn bdao358l fsf7x5fv rse6dlih s5oniofx m8h3af8h l7ghb35v kjdc1dyq kmwttqpk srn514ro oxkhqvkx rl78xhln nch0832m cr00lzj9 rn8ck1ys s3jn8y49 icdlwmnq notranslate _a6hd\" tabindex=\"0\" role=\"link\" href=\"https:\/\/www.instagram.com\/galomalavasi\/\" target=\"_blank\" rel=\"noopener\">@galomalavasi<\/a><\/p>\n<p>Te dejamos una breve rese\u00f1a escrita por ella misma a continuaci\u00f3n:<\/p>\n<blockquote><p>Soy Jazm\u00edn Arenas, tengo 26 a\u00f1os soy m\u00e9dica veterinaria y zootecnista. Soy una persona humilde, sincera, paciente, creativa y emp\u00e1tica que siempre est\u00e1 tratando de ayudar a los dem\u00e1s y de dar su 100% en todo.<\/p>\n<p>Quiero estar en <a href=\"https:\/\/missuniversecolombia.org\/\" target=\"_blank\" rel=\"noopener\">Miss Universe Colombia<\/a> por qu\u00e9 es un una plataforma donde puedo generar un mayor alcance, para as\u00ed ayudar a muchas personas e inspirarlos a luchar por sus sue\u00f1os. Ademas, es un orgullo representar a mi departamento el Quindio y dar todo de mi por dejar el nombre del departamento en alto.<\/p>\n<p>Me encanta el deporte y la vida saludable, siento que debemos amarnos primero para poder amar a los dem\u00e1s e invertir tiempo en nosotros mismos. Me dedico actualmente a mis emprendimientos los cuales vengo desarrollando hace 2 a\u00f1os por redes sociales, adem\u00e1s de esto administro una finca familiar con cultivos de pl\u00e1tano y caf\u00e9, por lo cual me identifico y admiro much\u00edsimo a todos los campesinos y la labor tan importante que realizan<\/p><\/blockquote>\n<p>&nbsp;<\/p>\n","protected":false},"excerpt":{"rendered":"<p>Conoce a Jazm\u00edn Arenas hermosa mujer que esta luchando por un cupo para representar su departamento en Miss Universe Colombia 2023. Comentario Colombiana Universal(Ahmet Fortich y \ud835\udc68\ud835\udc8d\ud835\udc86\ud835\udc8b\ud835\udc82\ud835\udc8f\ud835\udc85\ud835\udc93\ud835\udc90 Obando): QUINDIO: Jazm\u00edn Arenas, muy elegante y fresca, inicia su casting con el fin de obtener la banda del departamento de Quind\u00edo. Se considera afortunada por representar una [&hellip;]<\/p>\n","protected":false},"author":1,"featured_media":483,"comment_status":"open","ping_status":"open","sticky":false,"template":"","format":"standard","meta":{"om_disable_all_campaigns":false,"_monsterinsights_skip_tracking":false,"_monsterinsights_sitenote_active":false,"_monsterinsights_sitenote_note":"","_monsterinsights_sitenote_category":0,"_jetpack_memberships_contains_paid_content":false,"footnotes":""},"categories":[172,187],"tags":[180,59,188,183,184,175],"class_list":["post-445","post","type-post","status-publish","format-standard","has-post-thumbnail","hentry","category-belleza","category-miss-universe-colombia-2023","tag-colombia","tag-featured","tag-jazmin-arenas","tag-miss-universe","tag-miss-universe-colombia","tag-quindio"],"jetpack_sharing_enabled":true,"jetpack_featured_media_url":"https:\/\/gmtvlatinos.com\/wp-content\/uploads\/2022\/08\/MUC-Jazmin-Arenas-Galo-Malavasi-scaled.jpg","amp_enabled":true,"_links":{"self":[{"href":"https:\/\/gmtvlatinos.com\/index.php\/wp-json\/wp\/v2\/posts\/445","targetHints":{"allow":["GET"]}}],"collection":[{"href":"https:\/\/gmtvlatinos.com\/index.php\/wp-json\/wp\/v2\/posts"}],"about":[{"href":"https:\/\/gmtvlatinos.com\/index.php\/wp-json\/wp\/v2\/types\/post"}],"author":[{"embeddable":true,"href":"https:\/\/gmtvlatinos.com\/index.php\/wp-json\/wp\/v2\/users\/1"}],"replies":[{"embeddable":true,"href":"https:\/\/gmtvlatinos.com\/index.php\/wp-json\/wp\/v2\/comments?post=445"}],"version-history":[{"count":8,"href":"https:\/\/gmtvlatinos.com\/index.php\/wp-json\/wp\/v2\/posts\/445\/revisions"}],"predecessor-version":[{"id":1748,"href":"https:\/\/gmtvlatinos.com\/index.php\/wp-json\/wp\/v2\/posts\/445\/revisions\/1748"}],"wp:featuredmedia":[{"embeddable":true,"href":"https:\/\/gmtvlatinos.com\/index.php\/wp-json\/wp\/v2\/media\/483"}],"wp:attachment":[{"href":"https:\/\/gmtvlatinos.com\/index.php\/wp-json\/wp\/v2\/media?parent=445"}],"wp:term":[{"taxonomy":"category","embeddable":true,"href":"https:\/\/gmtvlatinos.com\/index.php\/wp-json\/wp\/v2\/categories?post=445"},{"taxonomy":"post_tag","embeddable":true,"href":"https:\/\/gmtvlatinos.com\/index.php\/wp-json\/wp\/v2\/tags?post=445"}],"curies":[{"name":"wp","href":"https:\/\/api.w.org\/{rel}","templated":true}]}}