 {"id":635,"date":"2022-08-15T21:04:44","date_gmt":"2022-08-16T02:04:44","guid":{"rendered":"https:\/\/gmtvlatinos.com\/?p=635"},"modified":"2022-08-15T21:12:33","modified_gmt":"2022-08-16T02:12:33","slug":"marleidys-morales-pre-candidata-miss-universe-colombia-2023","status":"publish","type":"post","link":"https:\/\/gmtvlatinos.com\/index.php\/2022\/08\/15\/marleidys-morales-pre-candidata-miss-universe-colombia-2023\/","title":{"rendered":"Marleidys Morales &#8211; Pre Candidata Miss Universe Colombia 2023"},"content":{"rendered":"<p>Conoce a Marleidys Morales hermosa mujer que esta luchando por un cupo para representar su departamento en Miss Universe Colombia 2023.<\/p>\n<p><strong>Comentario Colombiana Universal(Ahmet Fortich y \ud835\udc68\ud835\udc8d\ud835\udc86\ud835\udc8b\ud835\udc82\ud835\udc8f\ud835\udc85\ud835\udc93\ud835\udc90 Obando):<\/strong> ATL\u00c1NTICO: Marleidys Morales, con una pasarela arrolladora, lleg\u00f3 a Miss Universe Colombia con un sue\u00f1o que desea materializar, ser representante del departamento del Atl\u00e1ntico. Se proyecta como una mujer que desea cambiar realidades y llegar con un mensaje contundente a trav\u00e9s de su historia de vida y convertirla en ejemplo de superaci\u00f3n en sinton\u00eda con actividades como el deporte, la cultura y la danza. Su gran capacidad para salir adelante, superar los obst\u00e1culos y obtener de las dificultades los mejores aprendizajes la proyectan como una gran representaci\u00f3n con un mensaje de amor y crecimiento personal. Sin duda alguna, ser\u00eda una fuerte candidata que, a trav\u00e9s de su mensaje, complementar\u00eda de una manera muy bonita el grupo de candidatas de esta edici\u00f3n.<\/p>\n","protected":false},"excerpt":{"rendered":"<p>Conoce a Marleidys Morales hermosa mujer que esta luchando por un cupo para representar su departamento en Miss Universe Colombia 2023. Comentario Colombiana Universal(Ahmet Fortich y \ud835\udc68\ud835\udc8d\ud835\udc86\ud835\udc8b\ud835\udc82\ud835\udc8f\ud835\udc85\ud835\udc93\ud835\udc90 Obando): ATL\u00c1NTICO: Marleidys Morales, con una pasarela arrolladora, lleg\u00f3 a Miss Universe Colombia con un sue\u00f1o que desea materializar, ser representante del departamento del Atl\u00e1ntico. Se proyecta como [&hellip;]<\/p>\n","protected":false},"author":1,"featured_media":637,"comment_status":"open","ping_status":"open","sticky":false,"template":"","format":"standard","meta":{"om_disable_all_campaigns":false,"_monsterinsights_skip_tracking":false,"_monsterinsights_sitenote_active":false,"_monsterinsights_sitenote_note":"","_monsterinsights_sitenote_category":0,"_jetpack_memberships_contains_paid_content":false,"footnotes":""},"categories":[172,3,187],"tags":[246,238,247,183,184],"class_list":["post-635","post","type-post","status-publish","format-standard","has-post-thumbnail","hentry","category-belleza","category-entretenimiento","category-miss-universe-colombia-2023","tag-atlantico","tag-certamen","tag-marleidys-morales","tag-miss-universe","tag-miss-universe-colombia"],"jetpack_sharing_enabled":true,"jetpack_featured_media_url":"https:\/\/gmtvlatinos.com\/wp-content\/uploads\/2022\/08\/Marleidys-Morales-scaled.jpg","amp_enabled":true,"_links":{"self":[{"href":"https:\/\/gmtvlatinos.com\/index.php\/wp-json\/wp\/v2\/posts\/635","targetHints":{"allow":["GET"]}}],"collection":[{"href":"https:\/\/gmtvlatinos.com\/index.php\/wp-json\/wp\/v2\/posts"}],"about":[{"href":"https:\/\/gmtvlatinos.com\/index.php\/wp-json\/wp\/v2\/types\/post"}],"author":[{"embeddable":true,"href":"https:\/\/gmtvlatinos.com\/index.php\/wp-json\/wp\/v2\/users\/1"}],"replies":[{"embeddable":true,"href":"https:\/\/gmtvlatinos.com\/index.php\/wp-json\/wp\/v2\/comments?post=635"}],"version-history":[{"count":2,"href":"https:\/\/gmtvlatinos.com\/index.php\/wp-json\/wp\/v2\/posts\/635\/revisions"}],"predecessor-version":[{"id":638,"href":"https:\/\/gmtvlatinos.com\/index.php\/wp-json\/wp\/v2\/posts\/635\/revisions\/638"}],"wp:featuredmedia":[{"embeddable":true,"href":"https:\/\/gmtvlatinos.com\/index.php\/wp-json\/wp\/v2\/media\/637"}],"wp:attachment":[{"href":"https:\/\/gmtvlatinos.com\/index.php\/wp-json\/wp\/v2\/media?parent=635"}],"wp:term":[{"taxonomy":"category","embeddable":true,"href":"https:\/\/gmtvlatinos.com\/index.php\/wp-json\/wp\/v2\/categories?post=635"},{"taxonomy":"post_tag","embeddable":true,"href":"https:\/\/gmtvlatinos.com\/index.php\/wp-json\/wp\/v2\/tags?post=635"}],"curies":[{"name":"wp","href":"https:\/\/api.w.org\/{rel}","templated":true}]}}