 {"id":645,"date":"2022-08-15T22:12:36","date_gmt":"2022-08-16T03:12:36","guid":{"rendered":"https:\/\/gmtvlatinos.com\/?p=645"},"modified":"2022-08-15T22:23:10","modified_gmt":"2022-08-16T03:23:10","slug":"laura-valentina-parra-pre-candidata-miss-universe-colombia","status":"publish","type":"post","link":"https:\/\/gmtvlatinos.com\/index.php\/2022\/08\/15\/laura-valentina-parra-pre-candidata-miss-universe-colombia\/","title":{"rendered":"Laura Valentina Parra &#8211; Pre Candidata Miss Universe Colombia"},"content":{"rendered":"<p>Conoce a Laura Valentina Parra hermosa mujer que esta luchando por un cupo para representar su departamento en Miss Universe Colombia 2023.<\/p>\n<div><strong>Comentario Colombiana Universal(Ahmet Fortich y \ud835\udc68\ud835\udc8d\ud835\udc86\ud835\udc8b\ud835\udc82\ud835\udc8f\ud835\udc85\ud835\udc93\ud835\udc90 Obando<\/strong>:<\/div>\n<div class=\"_ab8w _ab94 _ab99 _ab9f _ab9m _ab9p _abbh _abcm\"><span class=\"_aap6 _aap7 _aap8\"><a class=\"oajrlxb2 g5ia77u1 qu0x051f esr5mh6w e9989ue4 r7d6kgcz rq0escxv nhd2j8a9 nc684nl6 p7hjln8o kvgmc6g5 cxmmr5t8 oygrvhab hcukyx3x jb3vyjys rz4wbd8a qt6c0cv9 a8nywdso i1ao9s8h esuyzwwr f1sip0of lzcic4wl _acan _acao _acat _acaw _a6hd\" tabindex=\"0\" role=\"link\" href=\"https:\/\/www.instagram.com\/colombiana_universal\/\" target=\"_blank\" rel=\"noopener\">colombiana_universal<\/a><\/span><\/div>\n<div class=\"_a9zs\">\n<p><span class=\"_aacl _aaco _aacu _aacx _aad7 _aade\">BOYAC\u00c1: Laura Valentina Parra, con mucha solvencia y frescura, llega con un inter\u00e9s claro, representar el departamento de Boyac\u00e1, el cual hace parte de su identidad gracias a su familia paterna. La precandidata nos deja ver que quiere proyectarse como una mujer inspiradora a trav\u00e9s de la m\u00fasica, la cual, con aplausos y elogios, nos deleit\u00f3 con un recital, mostr\u00e1ndonos parte de su gran talento al tocar la viola. Su mensaje se enfoc\u00f3 en como la m\u00fasica es capaz de unirnos, convirti\u00e9ndose en un idioma universal, con el poder de mover fibras y fraternizarnos entre nosotros. A nivel m\u00e1s personal, Laura nos cuenta que es una mujer muy familiar y amante del mar, adem\u00e1s de ser una mujer puntual y responsable con sus proyectos. Su frescura, carisma y espontaneidad al hablar le suman puntos muy positivos para alcanzar la banda de Boyac\u00e1.<\/span><\/p>\n<p>PH:\u00a0<a class=\"oajrlxb2 g5ia77u1 qu0x051f esr5mh6w e9989ue4 r7d6kgcz rq0escxv nhd2j8a9 nc684nl6 p7hjln8o kvgmc6g5 cxmmr5t8 oygrvhab hcukyx3x jb3vyjys rz4wbd8a qt6c0cv9 a8nywdso i1ao9s8h esuyzwwr f1sip0of lzcic4wl notranslate _a6hd\" tabindex=\"0\" role=\"link\" href=\"https:\/\/www.instagram.com\/galomalavasi\/\" target=\"_blank\" rel=\"noopener\">@galomalavasi<\/a><\/p>\n<\/div>\n<div class=\"_a9zs\">\n<p>Te dejamos una breve rese\u00f1a escrita por ella misma a continuaci\u00f3n:<\/p>\n<blockquote><p>\u201cSoy Laura Valentina Parra Giraldo, tengo 21 a\u00f1os, nacida en la ciudad de Bogota, de familia paisa, santandereana y boyacence.M\u00fasico de pasi\u00f3n y profesi\u00f3n, actualmente trabajo en la Orquesta Filarm\u00f3nica de Bogota y pertenezco a la Filarm\u00f3nica Joven de Colombia y de la mano de ellos y distintas fundaciones sociales he tenido la oportunidad de llevar la m\u00fasica a todos los rincones del pa\u00eds, tocando y de igual manera d\u00e1ndole clases a los ni\u00f1os de las regiones menos favorecidas.<\/p>\n<p>Creo en el poder que tiene el arte y la cultura para transformar nuestra sociedad, pues es el lenguaje universal en el cual todos podemos encontrarnos y usarlo como s\u00edmbolo de uni\u00f3n.<\/p>\n<p>Me describo como una persona espont\u00e1nea, alegre y con ganas de contagiar a quien conozco de energ\u00eda positiva.\u201d<\/p><\/blockquote>\n<\/div>\n","protected":false},"excerpt":{"rendered":"<p>Conoce a Laura Valentina Parra hermosa mujer que esta luchando por un cupo para representar su departamento en Miss Universe Colombia 2023. Comentario Colombiana Universal(Ahmet Fortich y \ud835\udc68\ud835\udc8d\ud835\udc86\ud835\udc8b\ud835\udc82\ud835\udc8f\ud835\udc85\ud835\udc93\ud835\udc90 Obando: colombiana_universal BOYAC\u00c1: Laura Valentina Parra, con mucha solvencia y frescura, llega con un inter\u00e9s claro, representar el departamento de Boyac\u00e1, el cual hace parte de su [&hellip;]<\/p>\n","protected":false},"author":1,"featured_media":649,"comment_status":"open","ping_status":"open","sticky":false,"template":"","format":"standard","meta":{"om_disable_all_campaigns":false,"_monsterinsights_skip_tracking":false,"_monsterinsights_sitenote_active":false,"_monsterinsights_sitenote_note":"","_monsterinsights_sitenote_category":0,"_jetpack_memberships_contains_paid_content":false,"footnotes":""},"categories":[172,3,187],"tags":[],"class_list":["post-645","post","type-post","status-publish","format-standard","has-post-thumbnail","hentry","category-belleza","category-entretenimiento","category-miss-universe-colombia-2023"],"jetpack_sharing_enabled":true,"jetpack_featured_media_url":"https:\/\/gmtvlatinos.com\/wp-content\/uploads\/2022\/08\/Laura-Valentina-Parra-scaled.jpg","amp_enabled":true,"_links":{"self":[{"href":"https:\/\/gmtvlatinos.com\/index.php\/wp-json\/wp\/v2\/posts\/645","targetHints":{"allow":["GET"]}}],"collection":[{"href":"https:\/\/gmtvlatinos.com\/index.php\/wp-json\/wp\/v2\/posts"}],"about":[{"href":"https:\/\/gmtvlatinos.com\/index.php\/wp-json\/wp\/v2\/types\/post"}],"author":[{"embeddable":true,"href":"https:\/\/gmtvlatinos.com\/index.php\/wp-json\/wp\/v2\/users\/1"}],"replies":[{"embeddable":true,"href":"https:\/\/gmtvlatinos.com\/index.php\/wp-json\/wp\/v2\/comments?post=645"}],"version-history":[{"count":5,"href":"https:\/\/gmtvlatinos.com\/index.php\/wp-json\/wp\/v2\/posts\/645\/revisions"}],"predecessor-version":[{"id":651,"href":"https:\/\/gmtvlatinos.com\/index.php\/wp-json\/wp\/v2\/posts\/645\/revisions\/651"}],"wp:featuredmedia":[{"embeddable":true,"href":"https:\/\/gmtvlatinos.com\/index.php\/wp-json\/wp\/v2\/media\/649"}],"wp:attachment":[{"href":"https:\/\/gmtvlatinos.com\/index.php\/wp-json\/wp\/v2\/media?parent=645"}],"wp:term":[{"taxonomy":"category","embeddable":true,"href":"https:\/\/gmtvlatinos.com\/index.php\/wp-json\/wp\/v2\/categories?post=645"},{"taxonomy":"post_tag","embeddable":true,"href":"https:\/\/gmtvlatinos.com\/index.php\/wp-json\/wp\/v2\/tags?post=645"}],"curies":[{"name":"wp","href":"https:\/\/api.w.org\/{rel}","templated":true}]}}