 {"id":877,"date":"2022-08-21T09:09:16","date_gmt":"2022-08-21T14:09:16","guid":{"rendered":"https:\/\/gmtvlatinos.com\/?p=877"},"modified":"2022-08-21T09:12:51","modified_gmt":"2022-08-21T14:12:51","slug":"gran-vestido-de-chapolera-disenado-por-edward-giraldo","status":"publish","type":"post","link":"https:\/\/gmtvlatinos.com\/index.php\/2022\/08\/21\/gran-vestido-de-chapolera-disenado-por-edward-giraldo\/","title":{"rendered":"Gran vestido de Chapolera dise\u00f1ado por Edward Giraldo para Miss Universe Colombia"},"content":{"rendered":"<p>El famoso dise\u00f1ador colombiano <a href=\"https:\/\/edwardgiraldostore.com\/\" target=\"_blank\" rel=\"noopener\">Edward Giraldo<\/a> sorprendi\u00f3 al Universo dise\u00f1ando un fant\u00e1stico traje t\u00edpico\u00a0 para nada m\u00e1s y nada menos que Maria Fernanda Aristizabal. Ella lo utiliz\u00f3 en la noche de su coronaci\u00f3n en la Catedral de Zipaquira para <a href=\"https:\/\/missuniversecolombia.org\/\" target=\"_blank\" rel=\"noopener\">Miss Universe Colombia<\/a>.<\/p>\n<p>Te dejamos a continuaci\u00f3n las fotograf\u00edas y descripci\u00f3n del vestido.<\/p>\n\n\t\t<style type=\"text\/css\">\n\t\t\t#gallery-1 {\n\t\t\t\tmargin: auto;\n\t\t\t}\n\t\t\t#gallery-1 .gallery-item {\n\t\t\t\tfloat: left;\n\t\t\t\tmargin-top: 10px;\n\t\t\t\ttext-align: center;\n\t\t\t\twidth: 33%;\n\t\t\t}\n\t\t\t#gallery-1 img {\n\t\t\t\tborder: 2px solid #cfcfcf;\n\t\t\t}\n\t\t\t#gallery-1 .gallery-caption {\n\t\t\t\tmargin-left: 0;\n\t\t\t}\n\t\t\t\/* see gallery_shortcode() in wp-includes\/media.php *\/\n\t\t<\/style>\n\t\t<div id='gallery-1' class='gallery galleryid-877 gallery-columns-3 gallery-size-medium'><dl class='gallery-item'>\n\t\t\t<dt class='gallery-icon landscape'>\n\t\t\t\t<a href=\"https:\/\/gmtvlatinos.com\/index.php\/2022\/08\/21\/gran-vestido-de-chapolera-disenado-por-edward-giraldo\/mtu-colombia-2022-4680\/\"><img loading=\"lazy\" decoding=\"async\" width=\"300\" height=\"200\" src=\"https:\/\/gmtvlatinos.com\/wp-content\/uploads\/2022\/08\/MTU-Colombia-2022-4680-300x200.jpg\" class=\"attachment-medium size-medium\" alt=\"\" srcset=\"https:\/\/gmtvlatinos.com\/wp-content\/uploads\/2022\/08\/MTU-Colombia-2022-4680-300x200.jpg 300w, https:\/\/gmtvlatinos.com\/wp-content\/uploads\/2022\/08\/MTU-Colombia-2022-4680-scaled-600x400.jpg 600w, https:\/\/gmtvlatinos.com\/wp-content\/uploads\/2022\/08\/MTU-Colombia-2022-4680-1024x683.jpg 1024w, https:\/\/gmtvlatinos.com\/wp-content\/uploads\/2022\/08\/MTU-Colombia-2022-4680-768x512.jpg 768w, https:\/\/gmtvlatinos.com\/wp-content\/uploads\/2022\/08\/MTU-Colombia-2022-4680-1536x1024.jpg 1536w, https:\/\/gmtvlatinos.com\/wp-content\/uploads\/2022\/08\/MTU-Colombia-2022-4680-2048x1365.jpg 2048w\" sizes=\"auto, (max-width: 300px) 100vw, 300px\" \/><\/a>\n\t\t\t<\/dt><\/dl><dl class='gallery-item'>\n\t\t\t<dt class='gallery-icon landscape'>\n\t\t\t\t<a href=\"https:\/\/gmtvlatinos.com\/index.php\/2022\/08\/21\/gran-vestido-de-chapolera-disenado-por-edward-giraldo\/mtu-colombia-2022-4650\/\"><img loading=\"lazy\" decoding=\"async\" width=\"300\" height=\"200\" src=\"https:\/\/gmtvlatinos.com\/wp-content\/uploads\/2022\/08\/MTU-Colombia-2022-4650-300x200.jpg\" class=\"attachment-medium size-medium\" alt=\"\" srcset=\"https:\/\/gmtvlatinos.com\/wp-content\/uploads\/2022\/08\/MTU-Colombia-2022-4650-300x200.jpg 300w, https:\/\/gmtvlatinos.com\/wp-content\/uploads\/2022\/08\/MTU-Colombia-2022-4650-scaled-600x400.jpg 600w, https:\/\/gmtvlatinos.com\/wp-content\/uploads\/2022\/08\/MTU-Colombia-2022-4650-1024x683.jpg 1024w, https:\/\/gmtvlatinos.com\/wp-content\/uploads\/2022\/08\/MTU-Colombia-2022-4650-768x512.jpg 768w, https:\/\/gmtvlatinos.com\/wp-content\/uploads\/2022\/08\/MTU-Colombia-2022-4650-1536x1024.jpg 1536w, https:\/\/gmtvlatinos.com\/wp-content\/uploads\/2022\/08\/MTU-Colombia-2022-4650-2048x1365.jpg 2048w\" sizes=\"auto, (max-width: 300px) 100vw, 300px\" \/><\/a>\n\t\t\t<\/dt><\/dl><dl class='gallery-item'>\n\t\t\t<dt class='gallery-icon portrait'>\n\t\t\t\t<a href=\"https:\/\/gmtvlatinos.com\/index.php\/2022\/08\/21\/gran-vestido-de-chapolera-disenado-por-edward-giraldo\/mtu-colombia-2022-4697\/\"><img loading=\"lazy\" decoding=\"async\" width=\"200\" height=\"300\" src=\"https:\/\/gmtvlatinos.com\/wp-content\/uploads\/2022\/08\/MTU-Colombia-2022-4697-200x300.jpg\" class=\"attachment-medium size-medium\" alt=\"\" srcset=\"https:\/\/gmtvlatinos.com\/wp-content\/uploads\/2022\/08\/MTU-Colombia-2022-4697-200x300.jpg 200w, https:\/\/gmtvlatinos.com\/wp-content\/uploads\/2022\/08\/MTU-Colombia-2022-4697-scaled-300x450.jpg 300w, https:\/\/gmtvlatinos.com\/wp-content\/uploads\/2022\/08\/MTU-Colombia-2022-4697-scaled-600x900.jpg 600w, https:\/\/gmtvlatinos.com\/wp-content\/uploads\/2022\/08\/MTU-Colombia-2022-4697-683x1024.jpg 683w, https:\/\/gmtvlatinos.com\/wp-content\/uploads\/2022\/08\/MTU-Colombia-2022-4697-768x1152.jpg 768w, https:\/\/gmtvlatinos.com\/wp-content\/uploads\/2022\/08\/MTU-Colombia-2022-4697-1024x1536.jpg 1024w, https:\/\/gmtvlatinos.com\/wp-content\/uploads\/2022\/08\/MTU-Colombia-2022-4697-1365x2048.jpg 1365w, https:\/\/gmtvlatinos.com\/wp-content\/uploads\/2022\/08\/MTU-Colombia-2022-4697-scaled.jpg 1707w\" sizes=\"auto, (max-width: 200px) 100vw, 200px\" \/><\/a>\n\t\t\t<\/dt><\/dl><br style=\"clear: both\" \/><dl class='gallery-item'>\n\t\t\t<dt class='gallery-icon portrait'>\n\t\t\t\t<a href=\"https:\/\/gmtvlatinos.com\/index.php\/2022\/08\/21\/gran-vestido-de-chapolera-disenado-por-edward-giraldo\/mtu-colombia-2022-4701-2\/\"><img loading=\"lazy\" decoding=\"async\" width=\"207\" height=\"300\" src=\"https:\/\/gmtvlatinos.com\/wp-content\/uploads\/2022\/08\/MTU-Colombia-2022-4701-1-207x300.jpg\" class=\"attachment-medium size-medium\" alt=\"\" srcset=\"https:\/\/gmtvlatinos.com\/wp-content\/uploads\/2022\/08\/MTU-Colombia-2022-4701-1-207x300.jpg 207w, https:\/\/gmtvlatinos.com\/wp-content\/uploads\/2022\/08\/MTU-Colombia-2022-4701-1-scaled-300x434.jpg 300w, https:\/\/gmtvlatinos.com\/wp-content\/uploads\/2022\/08\/MTU-Colombia-2022-4701-1-scaled-600x869.jpg 600w, https:\/\/gmtvlatinos.com\/wp-content\/uploads\/2022\/08\/MTU-Colombia-2022-4701-1-707x1024.jpg 707w, https:\/\/gmtvlatinos.com\/wp-content\/uploads\/2022\/08\/MTU-Colombia-2022-4701-1-768x1112.jpg 768w, https:\/\/gmtvlatinos.com\/wp-content\/uploads\/2022\/08\/MTU-Colombia-2022-4701-1-1061x1536.jpg 1061w, https:\/\/gmtvlatinos.com\/wp-content\/uploads\/2022\/08\/MTU-Colombia-2022-4701-1-1414x2048.jpg 1414w, https:\/\/gmtvlatinos.com\/wp-content\/uploads\/2022\/08\/MTU-Colombia-2022-4701-1-scaled.jpg 1768w\" sizes=\"auto, (max-width: 207px) 100vw, 207px\" \/><\/a>\n\t\t\t<\/dt><\/dl><dl class='gallery-item'>\n\t\t\t<dt class='gallery-icon landscape'>\n\t\t\t\t<a href=\"https:\/\/gmtvlatinos.com\/index.php\/2022\/08\/21\/gran-vestido-de-chapolera-disenado-por-edward-giraldo\/vestidoedward\/\"><img loading=\"lazy\" decoding=\"async\" width=\"300\" height=\"200\" src=\"https:\/\/gmtvlatinos.com\/wp-content\/uploads\/2022\/08\/VestidoEdward-300x200.jpg\" class=\"attachment-medium size-medium\" alt=\"\" srcset=\"https:\/\/gmtvlatinos.com\/wp-content\/uploads\/2022\/08\/VestidoEdward-300x200.jpg 300w, https:\/\/gmtvlatinos.com\/wp-content\/uploads\/2022\/08\/VestidoEdward-scaled-600x400.jpg 600w, https:\/\/gmtvlatinos.com\/wp-content\/uploads\/2022\/08\/VestidoEdward-1024x683.jpg 1024w, https:\/\/gmtvlatinos.com\/wp-content\/uploads\/2022\/08\/VestidoEdward-768x512.jpg 768w, https:\/\/gmtvlatinos.com\/wp-content\/uploads\/2022\/08\/VestidoEdward-1536x1024.jpg 1536w, https:\/\/gmtvlatinos.com\/wp-content\/uploads\/2022\/08\/VestidoEdward-2048x1365.jpg 2048w\" sizes=\"auto, (max-width: 300px) 100vw, 300px\" \/><\/a>\n\t\t\t<\/dt><\/dl>\n\t\t\t<br style='clear: both' \/>\n\t\t<\/div>\n\n<p>Vestido Para Nuestra Miss Universe Colombia 2022<\/p>\n<p>Felices Enamorados de Nuestra Reina<br \/>\n<a class=\"qi72231t nu7423ey n3hqoq4p r86q59rh b3qcqh3k fq87ekyn bdao358l fsf7x5fv rse6dlih s5oniofx m8h3af8h l7ghb35v kjdc1dyq kmwttqpk srn514ro oxkhqvkx rl78xhln nch0832m cr00lzj9 rn8ck1ys s3jn8y49 icdlwmnq notranslate _a6hd\" tabindex=\"0\" role=\"link\" href=\"https:\/\/www.instagram.com\/missuniversecolombiaorg\/\" target=\"_blank\" rel=\"noopener\">@missuniversecolombiaorg<\/a><\/p>\n<p>Mar\u00eda Fernanda Aristizabal<br \/>\n<a class=\"qi72231t nu7423ey n3hqoq4p r86q59rh b3qcqh3k fq87ekyn bdao358l fsf7x5fv rse6dlih s5oniofx m8h3af8h l7ghb35v kjdc1dyq kmwttqpk srn514ro oxkhqvkx rl78xhln nch0832m cr00lzj9 rn8ck1ys s3jn8y49 icdlwmnq notranslate _a6hd\" tabindex=\"0\" role=\"link\" href=\"https:\/\/www.instagram.com\/mafearistizabalu\/\" target=\"_blank\" rel=\"noopener\">@mafearistizabalu<\/a><\/p>\n<p>Gracias Natalie Ackermann Por La Oportunidad Que nos brindas d\u00eda a d\u00eda<\/p>\n<p>Vestido De Chapolera Pasi\u00f3n Cafetera<\/p>\n<p>La Chapolera es una campesina colombiana que reside en el Eje cafetero, dedicada a la recolecci\u00f3n de caf\u00e9, en los departamentos de Caldas, Risaralda, Quind\u00edo, y algunos municipios del Norte del Valle del Cauca que adem\u00e1s, viste de una forma muy aut\u00f3ctona propia de la regi\u00f3n. Su nombre proviene de una especie de mariposa conocida como Chapora, que migra a las fincas cafeteras en \u00e9pocas de recolecci\u00f3n.<\/p>\n<p>Su Vestido Inspirado En Su Departamento y en sus mujeres Trabajadoras.<\/p>\n<p>La blusa blanca de manga larga y cuello alto, con Corrediza en la Espalda y adornada en la parte anterior Con Cintas Brillantes en Lentejuela<br \/>\nel cuello y las mangas con franjas y letines Blanco y Rojo adornado con Brillante<br \/>\nSu falda amplia decorada con Flores Grandes y Peque\u00f1as y Apliques Brillantes<br \/>\nlas flores peque\u00f1as de diversos colores y con boleros en la parte inferior;<br \/>\nSu delantal blanco con letines sobre la falda Pintado a Mano el Valle Del C\u00f3cora Patrimonio Cultural Cafetero<\/p>\n<p>El delantal fue Trabajado a Mano Inspirado en la Pasi\u00f3n Quindiana C\u00f3cora<\/p>\n<p>Su Falda Embellecida con Artesan\u00edas Quindianas Y Diminutos Canastos y Semillas de Caf\u00e9 ba\u00f1adas En Oro Golfi<\/p>\n<p>Vestido dise\u00f1ado Por Edward Giraldo E hijo<\/p>\n<p><a class=\"qi72231t nu7423ey n3hqoq4p r86q59rh b3qcqh3k fq87ekyn bdao358l fsf7x5fv rse6dlih s5oniofx m8h3af8h l7ghb35v kjdc1dyq kmwttqpk srn514ro oxkhqvkx rl78xhln nch0832m cr00lzj9 rn8ck1ys s3jn8y49 icdlwmnq notranslate _a6hd\" tabindex=\"0\" role=\"link\" href=\"https:\/\/www.instagram.com\/edward_giraldo_disenador\/\" target=\"_blank\" rel=\"noopener\">@edward_giraldo_disenador<\/a><br \/>\nFotografias: @galomalavasi<br \/>\nColaboraci\u00f3n de Frank Martines Talento Barranquillero<\/p>\n<p><a class=\"qi72231t nu7423ey n3hqoq4p r86q59rh b3qcqh3k fq87ekyn bdao358l fsf7x5fv rse6dlih s5oniofx m8h3af8h l7ghb35v kjdc1dyq kmwttqpk srn514ro oxkhqvkx rl78xhln nch0832m cr00lzj9 rn8ck1ys s3jn8y49 icdlwmnq notranslate _a6hd\" tabindex=\"0\" role=\"link\" href=\"https:\/\/www.instagram.com\/franmartinezbq\/\" target=\"_blank\" rel=\"noopener\">@franmartinezbq<\/a><\/p>\n<p><a class=\"qi72231t nu7423ey n3hqoq4p r86q59rh b3qcqh3k fq87ekyn bdao358l fsf7x5fv rse6dlih s5oniofx m8h3af8h l7ghb35v kjdc1dyq kmwttqpk srn514ro oxkhqvkx rl78xhln nch0832m cr00lzj9 rn8ck1ys s3jn8y49 icdlwmnq _aa9_ _a6hd\" tabindex=\"0\" role=\"link\" href=\"https:\/\/www.instagram.com\/explore\/tags\/reina\/\" target=\"_blank\" rel=\"noopener\">#reina<\/a>\u00a0<a class=\"qi72231t nu7423ey n3hqoq4p r86q59rh b3qcqh3k fq87ekyn bdao358l fsf7x5fv rse6dlih s5oniofx m8h3af8h l7ghb35v kjdc1dyq kmwttqpk srn514ro oxkhqvkx rl78xhln nch0832m cr00lzj9 rn8ck1ys s3jn8y49 icdlwmnq _aa9_ _a6hd\" tabindex=\"0\" role=\"link\" href=\"https:\/\/www.instagram.com\/explore\/tags\/mafe\/\" target=\"_blank\" rel=\"noopener\">#mafe<\/a>\u00a0<a class=\"qi72231t nu7423ey n3hqoq4p r86q59rh b3qcqh3k fq87ekyn bdao358l fsf7x5fv rse6dlih s5oniofx m8h3af8h l7ghb35v kjdc1dyq kmwttqpk srn514ro oxkhqvkx rl78xhln nch0832m cr00lzj9 rn8ck1ys s3jn8y49 icdlwmnq _aa9_ _a6hd\" tabindex=\"0\" role=\"link\" href=\"https:\/\/www.instagram.com\/explore\/tags\/qu%C3%ADndio\/\" target=\"_blank\" rel=\"noopener\">#qu\u00edndio<\/a>\u00a0<a class=\"qi72231t nu7423ey n3hqoq4p r86q59rh b3qcqh3k fq87ekyn bdao358l fsf7x5fv rse6dlih s5oniofx m8h3af8h l7ghb35v kjdc1dyq kmwttqpk srn514ro oxkhqvkx rl78xhln nch0832m cr00lzj9 rn8ck1ys s3jn8y49 icdlwmnq _aa9_ _a6hd\" tabindex=\"0\" role=\"link\" href=\"https:\/\/www.instagram.com\/explore\/tags\/colombia%F0%9F%87%A8%F0%9F%87%B4\/\" target=\"_blank\" rel=\"noopener\">#colombia\ud83c\udde8\ud83c\uddf4<\/a>\u00a0<a class=\"qi72231t nu7423ey n3hqoq4p r86q59rh b3qcqh3k fq87ekyn bdao358l fsf7x5fv rse6dlih s5oniofx m8h3af8h l7ghb35v kjdc1dyq kmwttqpk srn514ro oxkhqvkx rl78xhln nch0832m cr00lzj9 rn8ck1ys s3jn8y49 icdlwmnq _aa9_ _a6hd\" tabindex=\"0\" role=\"link\" href=\"https:\/\/www.instagram.com\/explore\/tags\/designer\/\" target=\"_blank\" rel=\"noopener\">#designer<\/a>\u00a0<a class=\"qi72231t nu7423ey n3hqoq4p r86q59rh b3qcqh3k fq87ekyn bdao358l fsf7x5fv rse6dlih s5oniofx m8h3af8h l7ghb35v kjdc1dyq kmwttqpk srn514ro oxkhqvkx rl78xhln nch0832m cr00lzj9 rn8ck1ys s3jn8y49 icdlwmnq _aa9_ _a6hd\" tabindex=\"0\" role=\"link\" href=\"https:\/\/www.instagram.com\/explore\/tags\/edwardgiraldomodels\/\" target=\"_blank\" rel=\"noopener\">#edwardgiraldomodels<\/a>\u00a0<a class=\"qi72231t nu7423ey n3hqoq4p r86q59rh b3qcqh3k fq87ekyn bdao358l fsf7x5fv rse6dlih s5oniofx m8h3af8h l7ghb35v kjdc1dyq kmwttqpk srn514ro oxkhqvkx rl78xhln nch0832m cr00lzj9 rn8ck1ys s3jn8y49 icdlwmnq _aa9_ _a6hd\" tabindex=\"0\" role=\"link\" href=\"https:\/\/www.instagram.com\/explore\/tags\/edwardgiraldo\/\" target=\"_blank\" rel=\"noopener\">#edwardgiraldo<\/a>\u00a0<a class=\"qi72231t nu7423ey n3hqoq4p r86q59rh b3qcqh3k fq87ekyn bdao358l fsf7x5fv rse6dlih s5oniofx m8h3af8h l7ghb35v kjdc1dyq kmwttqpk srn514ro oxkhqvkx rl78xhln nch0832m cr00lzj9 rn8ck1ys s3jn8y49 icdlwmnq _aa9_ _a6hd\" tabindex=\"0\" role=\"link\" href=\"https:\/\/www.instagram.com\/explore\/tags\/malavasi\/\" target=\"_blank\" rel=\"noopener\">#malavasi<\/a><\/p>\n","protected":false},"excerpt":{"rendered":"<p>El famoso dise\u00f1ador colombiano Edward Giraldo sorprendi\u00f3 al Universo dise\u00f1ando un fant\u00e1stico traje t\u00edpico\u00a0 para nada m\u00e1s y nada menos que Maria Fernanda Aristizabal. Ella lo utiliz\u00f3 en la noche de su coronaci\u00f3n en la Catedral de Zipaquira para Miss Universe Colombia. Te dejamos a continuaci\u00f3n las fotograf\u00edas y descripci\u00f3n del vestido. Vestido Para Nuestra [&hellip;]<\/p>\n","protected":false},"author":1,"featured_media":879,"comment_status":"open","ping_status":"open","sticky":false,"template":"","format":"standard","meta":{"om_disable_all_campaigns":false,"_monsterinsights_skip_tracking":false,"_monsterinsights_sitenote_active":false,"_monsterinsights_sitenote_note":"","_monsterinsights_sitenote_category":0,"_jetpack_memberships_contains_paid_content":false,"footnotes":""},"categories":[305,4],"tags":[316,190,315,306,184],"class_list":["post-877","post","type-post","status-publish","format-standard","has-post-thumbnail","hentry","category-miss-universe-2022","category-moda","tag-chapolera","tag-edward-giraldo","tag-maria-fernanda-aristizabal","tag-miss-universe-2022","tag-miss-universe-colombia"],"jetpack_sharing_enabled":true,"jetpack_featured_media_url":"https:\/\/gmtvlatinos.com\/wp-content\/uploads\/2022\/08\/MTU-Colombia-2022-4680-scaled.jpg","amp_enabled":true,"_links":{"self":[{"href":"https:\/\/gmtvlatinos.com\/index.php\/wp-json\/wp\/v2\/posts\/877","targetHints":{"allow":["GET"]}}],"collection":[{"href":"https:\/\/gmtvlatinos.com\/index.php\/wp-json\/wp\/v2\/posts"}],"about":[{"href":"https:\/\/gmtvlatinos.com\/index.php\/wp-json\/wp\/v2\/types\/post"}],"author":[{"embeddable":true,"href":"https:\/\/gmtvlatinos.com\/index.php\/wp-json\/wp\/v2\/users\/1"}],"replies":[{"embeddable":true,"href":"https:\/\/gmtvlatinos.com\/index.php\/wp-json\/wp\/v2\/comments?post=877"}],"version-history":[{"count":3,"href":"https:\/\/gmtvlatinos.com\/index.php\/wp-json\/wp\/v2\/posts\/877\/revisions"}],"predecessor-version":[{"id":886,"href":"https:\/\/gmtvlatinos.com\/index.php\/wp-json\/wp\/v2\/posts\/877\/revisions\/886"}],"wp:featuredmedia":[{"embeddable":true,"href":"https:\/\/gmtvlatinos.com\/index.php\/wp-json\/wp\/v2\/media\/879"}],"wp:attachment":[{"href":"https:\/\/gmtvlatinos.com\/index.php\/wp-json\/wp\/v2\/media?parent=877"}],"wp:term":[{"taxonomy":"category","embeddable":true,"href":"https:\/\/gmtvlatinos.com\/index.php\/wp-json\/wp\/v2\/categories?post=877"},{"taxonomy":"post_tag","embeddable":true,"href":"https:\/\/gmtvlatinos.com\/index.php\/wp-json\/wp\/v2\/tags?post=877"}],"curies":[{"name":"wp","href":"https:\/\/api.w.org\/{rel}","templated":true}]}}