 {"id":915,"date":"2022-08-22T07:08:16","date_gmt":"2022-08-22T12:08:16","guid":{"rendered":"https:\/\/gmtvlatinos.com\/?p=915"},"modified":"2022-08-22T07:18:41","modified_gmt":"2022-08-22T12:18:41","slug":"fadil-berisha-fotografo","status":"publish","type":"post","link":"https:\/\/gmtvlatinos.com\/index.php\/2022\/08\/22\/fadil-berisha-fotografo\/","title":{"rendered":"Fadil Berisha &#8211; Fot\u00f3grafo"},"content":{"rendered":"<p><a href=\"https:\/\/www.fadilberisha.com\/\" target=\"_blank\" rel=\"noopener\">Fadil Berisha<\/a> es un fot\u00f3grafo alban\u00e9s-estadounidense que vive en la ciudad de Nueva York. Fadil naci\u00f3 en Kosovo en 1960 y emigr\u00f3 a la ciudad de Nueva York a la edad de nueve a\u00f1os, donde pronto descubrir\u00eda su pasi\u00f3n por la fotograf\u00eda, la moda y la belleza. Antes de su llegada a Nueva York, Fadil se mud\u00f3 a Italia por un a\u00f1o en 1968, donde comenz\u00f3 a desarrollar su pasi\u00f3n por la belleza y el arte. Fadil asisti\u00f3 al Instituto Tecnol\u00f3gico de la Moda y estudi\u00f3 Dise\u00f1o de Moda Masculina y Fotograf\u00eda. Despu\u00e9s de la universidad, Fadil conoci\u00f3 a una fot\u00f3grafa llamada Donna DeMari, quien m\u00e1s tarde cambiar\u00eda su vida. Adem\u00e1s, ayud\u00f3 a Fadil a darse cuenta de su pasi\u00f3n y amor por la belleza. Despu\u00e9s de conocer y trabajar con Donna, Fadil regres\u00f3 a Italia y trabaj\u00f3 como estilista de moda durante un a\u00f1o, donde descubri\u00f3 su verdadero ojo para la fotograf\u00eda. Despu\u00e9s de regresar a la ciudad de Nueva York en 1982, Fadil comenz\u00f3 su exitosa carrera como fot\u00f3grafo de moda y belleza. Junto a su profesi\u00f3n de m\u00e1s de 35 a\u00f1os como fot\u00f3grafo, Fadil ha desarrollado una carrera como fil\u00e1ntropo, humanitario, director creativo y editor.<\/p>\n\n\t\t<style type=\"text\/css\">\n\t\t\t#gallery-1 {\n\t\t\t\tmargin: auto;\n\t\t\t}\n\t\t\t#gallery-1 .gallery-item {\n\t\t\t\tfloat: left;\n\t\t\t\tmargin-top: 10px;\n\t\t\t\ttext-align: center;\n\t\t\t\twidth: 33%;\n\t\t\t}\n\t\t\t#gallery-1 img {\n\t\t\t\tborder: 2px solid #cfcfcf;\n\t\t\t}\n\t\t\t#gallery-1 .gallery-caption {\n\t\t\t\tmargin-left: 0;\n\t\t\t}\n\t\t\t\/* see gallery_shortcode() in wp-includes\/media.php *\/\n\t\t<\/style>\n\t\t<div id='gallery-1' class='gallery galleryid-915 gallery-columns-3 gallery-size-medium'><dl class='gallery-item'>\n\t\t\t<dt class='gallery-icon portrait'>\n\t\t\t\t<a href=\"https:\/\/gmtvlatinos.com\/index.php\/2022\/08\/22\/fadil-berisha-fotografo\/1cf260_2ee549893f03464bb2d5fe75928a2aee_mv2\/\"><img loading=\"lazy\" decoding=\"async\" width=\"242\" height=\"300\" src=\"https:\/\/gmtvlatinos.com\/wp-content\/uploads\/2022\/08\/1cf260_2ee549893f03464bb2d5fe75928a2aee_mv2-242x300.webp\" class=\"attachment-medium size-medium\" alt=\"\" srcset=\"https:\/\/gmtvlatinos.com\/wp-content\/uploads\/2022\/08\/1cf260_2ee549893f03464bb2d5fe75928a2aee_mv2-242x300.webp 242w, https:\/\/gmtvlatinos.com\/wp-content\/uploads\/2022\/08\/1cf260_2ee549893f03464bb2d5fe75928a2aee_mv2-300x372.webp 300w, https:\/\/gmtvlatinos.com\/wp-content\/uploads\/2022\/08\/1cf260_2ee549893f03464bb2d5fe75928a2aee_mv2.webp 426w\" sizes=\"auto, (max-width: 242px) 100vw, 242px\" \/><\/a>\n\t\t\t<\/dt><\/dl><dl class='gallery-item'>\n\t\t\t<dt class='gallery-icon portrait'>\n\t\t\t\t<a href=\"https:\/\/gmtvlatinos.com\/index.php\/2022\/08\/22\/fadil-berisha-fotografo\/1cf260_395573fdf45c4e6f9902c952b4067ae0_mv2\/\"><img loading=\"lazy\" decoding=\"async\" width=\"242\" height=\"300\" src=\"https:\/\/gmtvlatinos.com\/wp-content\/uploads\/2022\/08\/1cf260_395573fdf45c4e6f9902c952b4067ae0_mv2-242x300.webp\" class=\"attachment-medium size-medium\" alt=\"\" srcset=\"https:\/\/gmtvlatinos.com\/wp-content\/uploads\/2022\/08\/1cf260_395573fdf45c4e6f9902c952b4067ae0_mv2-242x300.webp 242w, https:\/\/gmtvlatinos.com\/wp-content\/uploads\/2022\/08\/1cf260_395573fdf45c4e6f9902c952b4067ae0_mv2-300x372.webp 300w, https:\/\/gmtvlatinos.com\/wp-content\/uploads\/2022\/08\/1cf260_395573fdf45c4e6f9902c952b4067ae0_mv2.webp 426w\" sizes=\"auto, (max-width: 242px) 100vw, 242px\" \/><\/a>\n\t\t\t<\/dt><\/dl><dl class='gallery-item'>\n\t\t\t<dt class='gallery-icon portrait'>\n\t\t\t\t<a href=\"https:\/\/gmtvlatinos.com\/index.php\/2022\/08\/22\/fadil-berisha-fotografo\/1cf260_b89b2a7b46984e27a53922b11e84378c_mv2\/\"><img loading=\"lazy\" decoding=\"async\" width=\"238\" height=\"300\" src=\"https:\/\/gmtvlatinos.com\/wp-content\/uploads\/2022\/08\/1cf260_b89b2a7b46984e27a53922b11e84378c_mv2-238x300.webp\" class=\"attachment-medium size-medium\" alt=\"\" srcset=\"https:\/\/gmtvlatinos.com\/wp-content\/uploads\/2022\/08\/1cf260_b89b2a7b46984e27a53922b11e84378c_mv2-238x300.webp 238w, https:\/\/gmtvlatinos.com\/wp-content\/uploads\/2022\/08\/1cf260_b89b2a7b46984e27a53922b11e84378c_mv2-300x377.webp 300w, https:\/\/gmtvlatinos.com\/wp-content\/uploads\/2022\/08\/1cf260_b89b2a7b46984e27a53922b11e84378c_mv2.webp 426w\" sizes=\"auto, (max-width: 238px) 100vw, 238px\" \/><\/a>\n\t\t\t<\/dt><\/dl><br style=\"clear: both\" \/><dl class='gallery-item'>\n\t\t\t<dt class='gallery-icon portrait'>\n\t\t\t\t<a href=\"https:\/\/gmtvlatinos.com\/index.php\/2022\/08\/22\/fadil-berisha-fotografo\/1cf260_a876d20e959349dbb471d9810b67ca09_mv2\/\"><img loading=\"lazy\" decoding=\"async\" width=\"242\" height=\"300\" src=\"https:\/\/gmtvlatinos.com\/wp-content\/uploads\/2022\/08\/1cf260_a876d20e959349dbb471d9810b67ca09_mv2-242x300.webp\" class=\"attachment-medium size-medium\" alt=\"\" srcset=\"https:\/\/gmtvlatinos.com\/wp-content\/uploads\/2022\/08\/1cf260_a876d20e959349dbb471d9810b67ca09_mv2-242x300.webp 242w, https:\/\/gmtvlatinos.com\/wp-content\/uploads\/2022\/08\/1cf260_a876d20e959349dbb471d9810b67ca09_mv2-300x372.webp 300w, https:\/\/gmtvlatinos.com\/wp-content\/uploads\/2022\/08\/1cf260_a876d20e959349dbb471d9810b67ca09_mv2.webp 426w\" sizes=\"auto, (max-width: 242px) 100vw, 242px\" \/><\/a>\n\t\t\t<\/dt><\/dl><dl class='gallery-item'>\n\t\t\t<dt class='gallery-icon portrait'>\n\t\t\t\t<a href=\"https:\/\/gmtvlatinos.com\/index.php\/2022\/08\/22\/fadil-berisha-fotografo\/1cf260_f82f2e37555b4ada96f53d0b069936c8_mv2\/\"><img loading=\"lazy\" decoding=\"async\" width=\"241\" height=\"300\" src=\"https:\/\/gmtvlatinos.com\/wp-content\/uploads\/2022\/08\/1cf260_f82f2e37555b4ada96f53d0b069936c8_mv2-241x300.webp\" class=\"attachment-medium size-medium\" alt=\"\" srcset=\"https:\/\/gmtvlatinos.com\/wp-content\/uploads\/2022\/08\/1cf260_f82f2e37555b4ada96f53d0b069936c8_mv2-241x300.webp 241w, https:\/\/gmtvlatinos.com\/wp-content\/uploads\/2022\/08\/1cf260_f82f2e37555b4ada96f53d0b069936c8_mv2-300x374.webp 300w, https:\/\/gmtvlatinos.com\/wp-content\/uploads\/2022\/08\/1cf260_f82f2e37555b4ada96f53d0b069936c8_mv2.webp 424w\" sizes=\"auto, (max-width: 241px) 100vw, 241px\" \/><\/a>\n\t\t\t<\/dt><\/dl><dl class='gallery-item'>\n\t\t\t<dt class='gallery-icon portrait'>\n\t\t\t\t<a href=\"https:\/\/gmtvlatinos.com\/index.php\/2022\/08\/22\/fadil-berisha-fotografo\/1cf260_3c967ecc136540f7aa88b1be611b5cb5_mv2\/\"><img loading=\"lazy\" decoding=\"async\" width=\"225\" height=\"300\" src=\"https:\/\/gmtvlatinos.com\/wp-content\/uploads\/2022\/08\/1cf260_3c967ecc136540f7aa88b1be611b5cb5_mv2-225x300.webp\" class=\"attachment-medium size-medium\" alt=\"\" srcset=\"https:\/\/gmtvlatinos.com\/wp-content\/uploads\/2022\/08\/1cf260_3c967ecc136540f7aa88b1be611b5cb5_mv2-225x300.webp 225w, https:\/\/gmtvlatinos.com\/wp-content\/uploads\/2022\/08\/1cf260_3c967ecc136540f7aa88b1be611b5cb5_mv2-300x400.webp 300w, https:\/\/gmtvlatinos.com\/wp-content\/uploads\/2022\/08\/1cf260_3c967ecc136540f7aa88b1be611b5cb5_mv2.webp 420w\" sizes=\"auto, (max-width: 225px) 100vw, 225px\" \/><\/a>\n\t\t\t<\/dt><\/dl><br style=\"clear: both\" \/>\n\t\t<\/div>\n\n<p>A trav\u00e9s de a\u00f1os de pasi\u00f3n y experiencia, Fadil ha trabajado con una gran cantidad de clientes famosos, incluidos Halle Berry, Roger Federer, Sharon Stone, Tyra Banks, Martha Stewart, Kris Jenner, Michael Bubl\u00e9, Nick Jonas, Marla Maples, Rick Fox, Robin McGraw. y Clive Davis. Su trabajo ha sido transmitido en cadenas como <a href=\"https:\/\/www.mtvla.com\/\" target=\"_blank\" rel=\"noopener\">MTV<\/a>, CW, <a href=\"https:\/\/www.nbc.com\/\" target=\"_blank\" rel=\"noopener\">NBC<\/a>, <a href=\"https:\/\/www.cbs.com\/\" target=\"_blank\" rel=\"noopener\">CBS<\/a>, <a href=\"https:\/\/www.cnn.com\/\" target=\"_blank\" rel=\"noopener\">CNN<\/a>, National Geographic y E!<br \/>\nEspecializado en belleza y moda, el trabajo de Fadil ha sido publicado en varias publicaciones influyentes, tanto nacionales como internacionales, como New You Magazine, <a href=\"https:\/\/www.vogue.com\/\" target=\"_blank\" rel=\"noopener\">Vogue<\/a>, InStyle, Cosmopolitan, Glamour, Elle, Bazaar, V y Nylon.<br \/>\nEl trabajo de Fadil incluye clientes como Rolex, Estee Lauder, Macy&#8217;s New You Magazine, Bloomingdales, Neiman Marcus, Graff Diamonds, Lexus, Peugeot, Lexus, Bulgari, <a href=\"https:\/\/www.missuniverse.com\/\" target=\"_blank\" rel=\"noopener\">Miss Universe<\/a>, Chi Hair Care, Con Air, Sherri Hill y GQ.<\/p>\n","protected":false},"excerpt":{"rendered":"<p>Fadil Berisha es un fot\u00f3grafo alban\u00e9s-estadounidense que vive en la ciudad de Nueva York. Fadil naci\u00f3 en Kosovo en 1960 y emigr\u00f3 a la ciudad de Nueva York a la edad de nueve a\u00f1os, donde pronto descubrir\u00eda su pasi\u00f3n por la fotograf\u00eda, la moda y la belleza. Antes de su llegada a Nueva York, Fadil [&hellip;]<\/p>\n","protected":false},"author":1,"featured_media":920,"comment_status":"open","ping_status":"open","sticky":false,"template":"","format":"standard","meta":{"om_disable_all_campaigns":false,"_monsterinsights_skip_tracking":false,"_monsterinsights_sitenote_active":false,"_monsterinsights_sitenote_note":"","_monsterinsights_sitenote_category":0,"_jetpack_memberships_contains_paid_content":false,"footnotes":""},"categories":[181],"tags":[330,59,331,115],"class_list":["post-915","post","type-post","status-publish","format-standard","has-post-thumbnail","hentry","category-fotografia","tag-fadil-berisha","tag-featured","tag-fotografo","tag-new-york"],"jetpack_sharing_enabled":true,"jetpack_featured_media_url":"https:\/\/gmtvlatinos.com\/wp-content\/uploads\/2022\/08\/1cf260_91dee8c3148143eda5a18bbd85e43ce1_mv2_d_2928_3300_s_4_2-e1661170507385.webp","amp_enabled":true,"_links":{"self":[{"href":"https:\/\/gmtvlatinos.com\/index.php\/wp-json\/wp\/v2\/posts\/915","targetHints":{"allow":["GET"]}}],"collection":[{"href":"https:\/\/gmtvlatinos.com\/index.php\/wp-json\/wp\/v2\/posts"}],"about":[{"href":"https:\/\/gmtvlatinos.com\/index.php\/wp-json\/wp\/v2\/types\/post"}],"author":[{"embeddable":true,"href":"https:\/\/gmtvlatinos.com\/index.php\/wp-json\/wp\/v2\/users\/1"}],"replies":[{"embeddable":true,"href":"https:\/\/gmtvlatinos.com\/index.php\/wp-json\/wp\/v2\/comments?post=915"}],"version-history":[{"count":5,"href":"https:\/\/gmtvlatinos.com\/index.php\/wp-json\/wp\/v2\/posts\/915\/revisions"}],"predecessor-version":[{"id":927,"href":"https:\/\/gmtvlatinos.com\/index.php\/wp-json\/wp\/v2\/posts\/915\/revisions\/927"}],"wp:featuredmedia":[{"embeddable":true,"href":"https:\/\/gmtvlatinos.com\/index.php\/wp-json\/wp\/v2\/media\/920"}],"wp:attachment":[{"href":"https:\/\/gmtvlatinos.com\/index.php\/wp-json\/wp\/v2\/media?parent=915"}],"wp:term":[{"taxonomy":"category","embeddable":true,"href":"https:\/\/gmtvlatinos.com\/index.php\/wp-json\/wp\/v2\/categories?post=915"},{"taxonomy":"post_tag","embeddable":true,"href":"https:\/\/gmtvlatinos.com\/index.php\/wp-json\/wp\/v2\/tags?post=915"}],"curies":[{"name":"wp","href":"https:\/\/api.w.org\/{rel}","templated":true}]}}